{"id":15911,"date":"2025-01-15T21:11:59","date_gmt":"2025-01-16T00:11:59","guid":{"rendered":"https:\/\/defensoriaformosa.gob.ar\/?p=15911"},"modified":"2025-01-17T21:14:18","modified_gmt":"2025-01-18T00:14:18","slug":"solicitan-a-los-vecinos-no-quemar-microbasurales-asi-como-mantener-en-condiciones-instalaciones-electricas-domiciliarias-para-evitar-incendios","status":"publish","type":"post","link":"https:\/\/defensoriaformosa.gob.ar\/?p=15911","title":{"rendered":"SOLICITAN A LOS VECINOS NO QUEMAR MICROBASURALES AS\u00cd COMO MANTENER EN CONDICIONES INSTALACIONES ELECTRICAS DOMICILIARIAS PARA EVITAR INCENDIOS"},"content":{"rendered":"<p><strong>-Se requiri\u00f3 tanto a Vialidad Nacional como Provincial, conservar libre de malezas las banquinas, para evitar permanentes siniestros viales y perdidas de bienes materiales, as\u00ed como a los municipios a trav\u00e9s de la Direcci\u00f3n de Municipios, en relaci\u00f3n a los caminos vecinales, sugiri\u00e9ndose tambi\u00e9n evitar la pr\u00e1ctica de \u201cQuemas Controladas\u201d y de llevarse adelante las mismas, los interesados requieran la presencia de personal capacitado del Ministerio de la Producci\u00f3n y Ambiente, para impedir perjuicios que luego se constituyen en impredecibles. &#8211;<\/strong><\/p>\n<p><!--more--><\/p>\n<p>Se llev\u00f3 a cabo en la Sede de la Defensor\u00eda del Pueblo, una \u201cReuni\u00f3n de Trabajo\u201d de la cual participaron el Coordinador del Plan Provincial de Manejo del Fuego, Lic. H\u00e9ctor Machado, junto con la Dra. Esp\u00ednola Solange, ambos en representaci\u00f3n del Ministerio de Producci\u00f3n y Ambiente a cargo del Lic. Lucas Rodr\u00edguez, el Director de Defensa Civil, Pablo Augusto L\u00f3pez, acompa\u00f1ado por el Sr. Walter Acosta; el Jefe de Bomberos Voluntarios de Formosa, Gustavo Flores, quienes fueron recibidos por el Defensor del Pueblo Dr. Jos\u00e9 Leonardo Gialluca y las Asesoras Legales, Dra. Lourdes Delgadillo, Dra. Mar\u00eda A. Trinidad, ante el aumento de incendios que vienen produci\u00e9ndose, tanto en \u00e1reas urbanas y rurales, como consecuencia en la mayor\u00eda de los casos, de la irresponsabilidad de personas, que intencionalmente, por distintos motivos, originan los mismos, colocando en riesgo vida y bienes de centenares de vecinos.<\/p>\n<p>El Jefe de Bomberos Voluntarios, Gustavo Flores confirm\u00f3 los constantes incendios urbanos, donde permanentemente deben acudir ante el llamado de los vecinos, al recibir requerimientos que los ciudadanos efect\u00faan al 911 desde donde se realizan las derivaciones correspondientes, actuando siempre coordinadamente con el Cuerpo de Bomberos\u00a0de la Polic\u00eda de\u00a0Formosa, a cargo del Comisario Inspector Sergio Almir\u00f3n y dem\u00e1s integrantes de la fuerza. A su turno el Director de Defensa Civil, Sr. Pablo L\u00f3pez, manifest\u00f3 que, ser\u00eda oportuno que en una pr\u00f3xima reuni\u00f3n estuviera presente la Municipalidad de la Ciudad de Formosa, puesto que, una de las causas de focos de incendios en los distintos barrios de la ciudad, son originados por los propios vecinos, quienes desechan residuos no convencionales y como forma\u00a0 r\u00e1pida de eliminaci\u00f3n, inician la quema de los mismos de manera improvisada, aconteciendo hechos similares, en las canchas de futbol, donde proceden a quemas peligrosas para limpiar las mismas, no haci\u00e9ndose los trabajos que corresponder\u00eda. Es aqu\u00ed donde sugiere, adem\u00e1s, concientizar a la ciudadan\u00eda, mediante campa\u00f1as y de ser viable se aperciba y se multe pecuniariamente a los particulares que cometan estas graves faltas. Por su parte, en relaci\u00f3n a los incendios rurales, el Lic. Machado, expres\u00f3 que, seg\u00fan estad\u00edsticas, en la Provincia de Formosa, se registran m\u00e1s focos de incendios, en dos periodos cr\u00edticos, el primero se da con posterioridad a las primeras heladas, donde no suele llover o \u00e9stas son escasas y el segundo, en el denominado periodo estival, (se registra en verano) que por la \u00e9poca misma, con altas temperaturas se llevan adelante quema de pastizales en distintos espacios o zonas tanto p\u00fablicas como privadas; por lo que recomend\u00f3, en relaci\u00f3n a los ejidos urbanos, realizar el mantenimiento de los espacios p\u00fablicos, como medida de prevenci\u00f3n y lo m\u00e1s importante es que en los domicilios particulares se cuente con adecuadas instalaciones el\u00e9ctricas para evitar incendios en las viviendas. Por otra parte, no recomend\u00f3 las pr\u00e1cticas de \u201cquemas controladas\u201d, y si las mismas se realizan, deben efectuarse con intervenci\u00f3n de personal que cuente con experiencia.<\/p>\n<p>A su vez propuso hacer cumplir las herramientas legales vigentes, con que se cuenta, como la Ordenanza Municipal N\u00ba 7451\/20, donde es obligatorio mantener los terrenos bald\u00edos libre de malezas, de pastizales y animales, previendo el art\u00edculo N\u00b0 2 la prohibici\u00f3n de acumulaci\u00f3n y posterior quema de pastizales, con multas que van desde los 100 a 1000 litros de combustible, junto al C\u00f3digo de Faltas de la Provincia. Por \u00faltimo, el Ombudsman Provincial, se\u00f1al\u00f3 como relevante y esencial, continuar trabajando coordinadamente entre los distintos Organismos Provinciales, Municipales, Entidades Privadas y Organizaciones Civiles No Gubernamentales, no solamente para crear conciencia ciudadana, sobre los riesgos y graves perjuicios que causan los incendios, tanto urbanos como rurales, comprometi\u00e9ndose \u00a0posteriormente, convocar a futuras reuniones que tengan por objetivo la prevenci\u00f3n y otras acciones que lleguen fundamentalmente a las ni\u00f1as\/ni\u00f1os y adolescentes en los distintos establecimientos educativos, de manera tal que estas, produzcan un efecto multiplicador en los vecinos de nuestros barrios, ciudades y localidades del Interior Provincial.<\/p>\n<p>En este punto el Funcionario Provincial se\u00f1al\u00f3 que el 95% de los incendios que ocurren en la Argentina, son producto de la acci\u00f3n humana, donde la falta de educaci\u00f3n ambiental e inversiones en este \u00e1mbito, se constituyen en problem\u00e1ticas donde el Gobierno Nacional incumple con la Ley N\u00ba 26.815 -Ley de Manejo del Fuego-, habi\u00e9ndose eliminado el Ministerio de Ambiente y Desarrollo Sostenible, degradando adem\u00e1s el Servicio Nacional de Manejo del Fuego, que depende hoy de una Secretar\u00eda de Ambiente a cargo de Daniel Scioli, quien lleva adelante una pol\u00edtica de entrega de nuestro bienes comunes naturales, no importando si los mismos se incendian, se destruyen o si se los venden a intereses for\u00e1neos, siendo el \u00fanico compromiso el de desentenderse completamente de esta grave situaci\u00f3n, donde est\u00e1 en juego la vida de la gente, de las comunidades, de la calidad de la tierra y de nuestros bienes naturales.<\/p>\n","protected":false},"excerpt":{"rendered":"<p>-Se requiri\u00f3 tanto a Vialidad Nacional como Provincial, conservar libre de malezas las banquinas, para evitar permanentes siniestros viales y perdidas de bienes materiales, as\u00ed como a los municipios a trav\u00e9s de la Direcci\u00f3n de Municipios, en relaci\u00f3n a los caminos vecinales, sugiri\u00e9ndose tambi\u00e9n evitar la pr\u00e1ctica de \u201cQuemas Controladas\u201d y de llevarse adelante las [&hellip;]<\/p>\n","protected":false},"author":1,"featured_media":15912,"comment_status":"closed","ping_status":"closed","sticky":false,"template":"","format":"standard","meta":{"footnotes":""},"categories":[1],"tags":[],"class_list":["post-15911","post","type-post","status-publish","format-standard","has-post-thumbnail","hentry","category-noticias"],"_links":{"self":[{"href":"https:\/\/defensoriaformosa.gob.ar\/index.php?rest_route=\/wp\/v2\/posts\/15911","targetHints":{"allow":["GET"]}}],"collection":[{"href":"https:\/\/defensoriaformosa.gob.ar\/index.php?rest_route=\/wp\/v2\/posts"}],"about":[{"href":"https:\/\/defensoriaformosa.gob.ar\/index.php?rest_route=\/wp\/v2\/types\/post"}],"author":[{"embeddable":true,"href":"https:\/\/defensoriaformosa.gob.ar\/index.php?rest_route=\/wp\/v2\/users\/1"}],"replies":[{"embeddable":true,"href":"https:\/\/defensoriaformosa.gob.ar\/index.php?rest_route=%2Fwp%2Fv2%2Fcomments&post=15911"}],"version-history":[{"count":1,"href":"https:\/\/defensoriaformosa.gob.ar\/index.php?rest_route=\/wp\/v2\/posts\/15911\/revisions"}],"predecessor-version":[{"id":15913,"href":"https:\/\/defensoriaformosa.gob.ar\/index.php?rest_route=\/wp\/v2\/posts\/15911\/revisions\/15913"}],"wp:featuredmedia":[{"embeddable":true,"href":"https:\/\/defensoriaformosa.gob.ar\/index.php?rest_route=\/wp\/v2\/media\/15912"}],"wp:attachment":[{"href":"https:\/\/defensoriaformosa.gob.ar\/index.php?rest_route=%2Fwp%2Fv2%2Fmedia&parent=15911"}],"wp:term":[{"taxonomy":"category","embeddable":true,"href":"https:\/\/defensoriaformosa.gob.ar\/index.php?rest_route=%2Fwp%2Fv2%2Fcategories&post=15911"},{"taxonomy":"post_tag","embeddable":true,"href":"https:\/\/defensoriaformosa.gob.ar\/index.php?rest_route=%2Fwp%2Fv2%2Ftags&post=15911"}],"curies":[{"name":"wp","href":"https:\/\/api.w.org\/{rel}","templated":true}]}}