{"id":15906,"date":"2025-01-13T23:16:51","date_gmt":"2025-01-14T02:16:51","guid":{"rendered":"https:\/\/defensoriaformosa.gob.ar\/?p=15906"},"modified":"2025-01-13T23:17:44","modified_gmt":"2025-01-14T02:17:44","slug":"solicitan-al-pen-el-dictado-de-un-decreto-u-ordene-incluir-en-las-sesiones-extraordinarias-la-tarifa-regional-diferenciada-para-las-provincias-del-norte","status":"publish","type":"post","link":"https:\/\/defensoriaformosa.gob.ar\/?p=15906","title":{"rendered":"SOLICITAN AL PEN EL DICTADO DE UN DECRETO U ORDENE INCLUIR EN LAS SESIONES EXTRAORDINARIAS LA TARIFA REGIONAL DIFERENCIADA PARA LAS PROVINCIAS DEL NORTE"},"content":{"rendered":"<p><strong>-Gialluca solicit\u00f3 a los diputados y concejales a que concreten propuestas viables para el sector energ\u00e9tico nacional y provincial, record\u00e1ndoles que se encuentra vigente, no solo el Subsidio Esfuerzo Formose\u00f1o, sino tambi\u00e9n la posibilidad de inscribirse en la Segmentaci\u00f3n Tarifaria dentro de la pr\u00f3rroga de declaraci\u00f3n de emergencia p\u00fablica en materia energ\u00e9tica hasta julio del 2025, autorizada por el Gobierno Nacional-<\/strong><\/p>\n<p><!--more--><\/p>\n<p>El Defensor del Pueblo de la Provincia de Formosa, Dr. Jos\u00e9 Leonardo Gialluca, solicit\u00f3 formalmente al Sr. Presidente de la Naci\u00f3n Javier Milei, a trav\u00e9s de la Actuaci\u00f3n 76\/25, en representaci\u00f3n de la universalidad de los usuarios del servicio de energ\u00eda el\u00e9ctrica, proceda al dictado de un DNU o en su defecto, ordene incluir la -Tarifa Diferenciada de Energ\u00eda El\u00e9ctrica para las Provincias del Norte- en el temario de las Sesiones Extraordinarias a tratarse en el Congreso de la Naci\u00f3n, donde deber\u00eda ser aprobada.<\/p>\n<p>El requerimiento se funda en que mediante la Resoluci\u00f3n 90\/24 de la Secretar\u00eda de Energ\u00eda de Naci\u00f3n en su Art. 2, se establece para el per\u00edodo estacional comprendido entre el 1 de junio y el 31 de agosto un sistema de tarifa diferenciada para la demanda de usuarios de energ\u00eda el\u00e9ctrica que no tengan acceso al servicio de gas natural por redes y se encuentren en las regiones, provincias y localidades, determinadas en la Ley N\u00ba 27.637 de -Ampliaci\u00f3n del R\u00e9gimen de Zona Fr\u00eda-, donde el consumo posee Topes en la Categor\u00eda de Nivel 2 de 700 kWh\/mes, en tanto en el Nivel 3 el consumo base se fija en 500 kWh\/mes.<\/p>\n<p>Se hizo notar que, con temperaturas cercanas a los 40 grados y sensaciones t\u00e9rmicas mayores a los 50 grados, en la actualidad la Secretar\u00eda de Energ\u00eda a fijado topes para los usuarios N2 de 350 kW\/h en tanto para los N3 estableci\u00f3 250 kW\/h, lo que hace que todos los usuarios residenciales en formosa deban enfrentar una Tarifa Plena, que econ\u00f3micamente se les hace de dif\u00edcil pago, m\u00e1xime si se tiene en cuenta que, mensualmente los consumos por hogar, oscilan entre los 800 kW\/h a 1.200 kW\/h o m\u00e1s por mes, con el agravante de que en enero del 2024 el valor del kW\/h era de $13,20 y en la actualidad en los N2 hasta los 350 kW\/h se cobra el consumo a $ 62,10 el kw\/h, el excedente lo debe pagar a $132,96, m\u00e1s el 21% de IVA y en los N3 los 250 kW\/h se pagan a $76,19 y el excedente a $132,96 m\u00e1s IVA. Por otro lado, se document\u00f3, que hasta marzo del 2.024 los usuarios residenciales N2 recib\u00edan subsidios de $70, $80 y hasta $100 mil, siendo que a la fecha, estos mismos \u201c\u00fanicamente est\u00e1n obteniendo beneficios con la Tarifa Social Nacional que se ubican solamente entre $12, $16 o $23 mil\u201d.<\/p>\n<p>Por \u00faltimo, Gialluca rechaz\u00f3 las inentendibles afirmaciones de diputados y concejales que afirman que en Formosa existe una sobrefacturaci\u00f3n y que las tarifas de energ\u00eda del Chaco son m\u00e1s bajas, lo cual no se ajusta a la verdad, pues no tienen en cuenta los siguientes puntos: 1) Las lecturas de las facturas de SECHEEP son mensuales, No Bimestrales como REFSA. 2) La fecha de lectura de la factura detallada en los art\u00edculos period\u00edsticos corresponden al 03\/Nov &#8211; 03\/Dic del a\u00f1o 2.024, por un consumo mensual de 550 KW\/H, siendo el monto total a pagar de $91.664,45; 3) El Cuadro Tarifario del Chaco segmenta el consumo por escalas, partiendo de 50 KW\/H de consumo y hasta 250 KW\/H, superando los 300 KW\/H el valor del KW\/H es de $154,1446 en N3; 4) El Cuadro Tarifario de Formosa tambi\u00e9n contempla el valor del KW\/H por Franjas de Consumo de 0 a 150 KW\/H, de 150 a 300KW\/H, de 300 a 500 KW\/H, de 500 a 700 KW\/H, de 700 a 1.400 KW\/H. Cuando supera los 250KW\/H en N3 el valor del KW\/H es de $132.9675 menor al del Chaco; 5) Es decir que, en ambos cuadros tarifarios, el valor del KW\/H est\u00e1 segmentado y a menor consumo se paga menos el valor del KW\/H, pero a\u00fan as\u00ed, en el Chaco el valor del KW\/H es mayor al de Formosa.<\/p>\n<p>Asimismo, el Funcionario Provincial record\u00f3 que ninguno de los representantes que hoy piden congelamientos y que el Programa Esfuerzo Formose\u00f1o alcance a los comerciantes, participaron de las m\u00faltiples -Audiencias P\u00fablicas- donde se fijaron los actuales precios de la energ\u00eda el\u00e9ctrica tanto para la generaci\u00f3n, transporte y distribuci\u00f3n, \u201cacentuando que en las facturas que reciben los usuarios, el 75% del valor de las mismas, m\u00e1s IVA lo cobra y lleva el Gobierno Nacional y el 25% restante le queda a la distribuidora Refsa para enfrentar los costos de sueldos, combustibles, log\u00edstica, distribuci\u00f3n en todo el territorio provincial\u201d.<\/p>\n<p>&nbsp;<\/p>\n","protected":false},"excerpt":{"rendered":"<p>-Gialluca solicit\u00f3 a los diputados y concejales a que concreten propuestas viables para el sector energ\u00e9tico nacional y provincial, record\u00e1ndoles que se encuentra vigente, no solo el Subsidio Esfuerzo Formose\u00f1o, sino tambi\u00e9n la posibilidad de inscribirse en la Segmentaci\u00f3n Tarifaria dentro de la pr\u00f3rroga de declaraci\u00f3n de emergencia p\u00fablica en materia energ\u00e9tica hasta julio del [&hellip;]<\/p>\n","protected":false},"author":1,"featured_media":15907,"comment_status":"closed","ping_status":"closed","sticky":false,"template":"","format":"standard","meta":{"footnotes":""},"categories":[1],"tags":[],"class_list":["post-15906","post","type-post","status-publish","format-standard","has-post-thumbnail","hentry","category-noticias"],"_links":{"self":[{"href":"https:\/\/defensoriaformosa.gob.ar\/index.php?rest_route=\/wp\/v2\/posts\/15906","targetHints":{"allow":["GET"]}}],"collection":[{"href":"https:\/\/defensoriaformosa.gob.ar\/index.php?rest_route=\/wp\/v2\/posts"}],"about":[{"href":"https:\/\/defensoriaformosa.gob.ar\/index.php?rest_route=\/wp\/v2\/types\/post"}],"author":[{"embeddable":true,"href":"https:\/\/defensoriaformosa.gob.ar\/index.php?rest_route=\/wp\/v2\/users\/1"}],"replies":[{"embeddable":true,"href":"https:\/\/defensoriaformosa.gob.ar\/index.php?rest_route=%2Fwp%2Fv2%2Fcomments&post=15906"}],"version-history":[{"count":1,"href":"https:\/\/defensoriaformosa.gob.ar\/index.php?rest_route=\/wp\/v2\/posts\/15906\/revisions"}],"predecessor-version":[{"id":15908,"href":"https:\/\/defensoriaformosa.gob.ar\/index.php?rest_route=\/wp\/v2\/posts\/15906\/revisions\/15908"}],"wp:featuredmedia":[{"embeddable":true,"href":"https:\/\/defensoriaformosa.gob.ar\/index.php?rest_route=\/wp\/v2\/media\/15907"}],"wp:attachment":[{"href":"https:\/\/defensoriaformosa.gob.ar\/index.php?rest_route=%2Fwp%2Fv2%2Fmedia&parent=15906"}],"wp:term":[{"taxonomy":"category","embeddable":true,"href":"https:\/\/defensoriaformosa.gob.ar\/index.php?rest_route=%2Fwp%2Fv2%2Fcategories&post=15906"},{"taxonomy":"post_tag","embeddable":true,"href":"https:\/\/defensoriaformosa.gob.ar\/index.php?rest_route=%2Fwp%2Fv2%2Ftags&post=15906"}],"curies":[{"name":"wp","href":"https:\/\/api.w.org\/{rel}","templated":true}]}}