{"id":15900,"date":"2025-01-10T19:54:32","date_gmt":"2025-01-10T22:54:32","guid":{"rendered":"https:\/\/defensoriaformosa.gob.ar\/?p=15900"},"modified":"2025-01-13T23:25:46","modified_gmt":"2025-01-14T02:25:46","slug":"la-desregulacion-aumenta-el-precio-de-las-garrafas-de-gas-de-10-kgs-en-el-inicio-del-ano","status":"publish","type":"post","link":"https:\/\/defensoriaformosa.gob.ar\/?p=15900","title":{"rendered":"LA DESREGULACI\u00d3N AUMENTA EL PRECIO DE LAS GARRAFAS DE GAS DE 10 KGS EN EL INICIO DEL A\u00d1O"},"content":{"rendered":"<p><strong>-Gialluca afirm\u00f3 que tanto el precio del Distribuidor como del Fraccionador y del Comercio seencuentran liberados y destac\u00f3 que por ahora el \u00fanico regulado es el del productor, por lo que, si el Gobierno Nacional desregula el mismo, los precios de las garrafas aumentar\u00e1n por encima de un 20 a 30%-<\/strong><\/p>\n<p><!--more--><\/p>\n<p>Se llev\u00f3 a cabo un relevamiento de precios del gas envasado, desde la Defensor\u00eda del Pueblo de<br \/>\nla Provincia de Formosa, que arroj\u00f3 como resultado que la empresa Refsa Gas ofrece en la<br \/>\nactualidad al mostrador en su planta los tubos de 10 kgs a $14.000, en tanto Amalia Gas, lo<br \/>\nvende a $15.000 en mostrador, $17.000 delivery; el de 15 kgs al mostrador $25.000, $27.000<br \/>\ndelivery; mientras que Lezcano Gas la de 10 kgs la ofrece a $14.000 en mostrador, $18.000<br \/>\ndelivery; el de 15 kgs mostrador $21.000, delivery $27.000; encontr\u00e1ndose la de 45 kgs en<br \/>\ntodos los casos a $61.000, Parque Gas $14.000 al mostrador y $17.000 Delibery. Con estos<br \/>\nprecios, siendo la garrafa de gas de 10 kilos indispensable para todos los hogares en nuestra<br \/>\nprovincia, tuvo hasta ahora un aumento de un 10% en los primeros d\u00edas de enero, superando<br \/>\nampliamente los valores de referencia oficiales y afectando a todos los hogares, pues son muy<br \/>\npocos los que poseen gas natural por red que lo distribuye Gas NEA que cuenta con tan solo 80<br \/>\nusuarios que pagan una tarifa mensual de gas por red de aproximadamente $1.200 a $2.000<br \/>\ncubriendo as\u00ed todas sus necesidades, beneficio altamente concentrado y limitado, frente a un<br \/>\n99,9% de los usuarios de toda la provincia que se ven obligados a utilizar gas envasado, cuyos<br \/>\naumentos de precios, golpean a los sectores m\u00e1s vulnerables de nuestra sociedad.<\/p>\n<p>El Ombudsman Provincial Dr. Jos\u00e9 Leonardo Gialluca afirm\u00f3 que estas subas responden a la<br \/>\ninflaci\u00f3n, costos log\u00edsticos y los ajustes paritarios. Recordando que el valor de referencia fijado<br \/>\npor la Secretar\u00eda de Energ\u00eda pas\u00f3 de $10.500 en diciembre a $11.500 en enero. Sin embargo, en<br \/>\nel mercado, las garrafas suelen venderse a precios m\u00e1s altos debido a la intervenci\u00f3n de otros<br \/>\nactores en la cadena de distribuci\u00f3n. En septiembre, con la aprobaci\u00f3n de la Ley Bases, el<br \/>\nCongreso desregul\u00f3 los precios de los segmentos de fraccionamiento y distribuci\u00f3n, permitiendo<br \/>\nque se acerquen a los valores internacionales. Seg\u00fan fuentes privadas, en los pr\u00f3ximos meses<br \/>\npodr\u00eda liberarse tambi\u00e9n el precio en boca de pozo, lo que implicar\u00eda un nuevo aumento del 15%<br \/>\nen las garrafas de 10, 12 y 15 kilos. Antes de la desregulaci\u00f3n, el Estado fijaba precios m\u00e1ximos<br \/>\nobligatorios para las garrafas.\u00a0Actualmente, la Secretar\u00eda de Energ\u00eda solo publica precios de<br \/>\nreferencia, que las empresas pueden seguir o no.<\/p>\n<p>En relaci\u00f3n al Programa Hogar que subsidia el gas envasado a las familias m\u00e1s carenciadas mediante diferentes coberturas, se encuentra desde hace varios meses suspendido en nuestra provincia, por lo que se solicit\u00f3 a la actual<br \/>\nDirectora de Anses Formosa, Patricia Arias, impulse las medidas necesarias para que estos subsidios que fueron eliminados por el Gobierno Nacional, vuelvan a implementarse, curs\u00e1ndose adem\u00e1s id\u00e9ntico requerimiento al Titular del ANSES Central Mariano De Los Heros.<\/p>\n","protected":false},"excerpt":{"rendered":"<p>-Gialluca afirm\u00f3 que tanto el precio del Distribuidor como del Fraccionador y del Comercio seencuentran liberados y destac\u00f3 que por ahora el \u00fanico regulado es el del productor, por lo que, si el Gobierno Nacional desregula el mismo, los precios de las garrafas aumentar\u00e1n por encima de un 20 a 30%-<\/p>\n","protected":false},"author":1,"featured_media":15901,"comment_status":"closed","ping_status":"closed","sticky":false,"template":"","format":"standard","meta":{"footnotes":""},"categories":[1],"tags":[],"class_list":["post-15900","post","type-post","status-publish","format-standard","has-post-thumbnail","hentry","category-noticias"],"_links":{"self":[{"href":"https:\/\/defensoriaformosa.gob.ar\/index.php?rest_route=\/wp\/v2\/posts\/15900","targetHints":{"allow":["GET"]}}],"collection":[{"href":"https:\/\/defensoriaformosa.gob.ar\/index.php?rest_route=\/wp\/v2\/posts"}],"about":[{"href":"https:\/\/defensoriaformosa.gob.ar\/index.php?rest_route=\/wp\/v2\/types\/post"}],"author":[{"embeddable":true,"href":"https:\/\/defensoriaformosa.gob.ar\/index.php?rest_route=\/wp\/v2\/users\/1"}],"replies":[{"embeddable":true,"href":"https:\/\/defensoriaformosa.gob.ar\/index.php?rest_route=%2Fwp%2Fv2%2Fcomments&post=15900"}],"version-history":[{"count":3,"href":"https:\/\/defensoriaformosa.gob.ar\/index.php?rest_route=\/wp\/v2\/posts\/15900\/revisions"}],"predecessor-version":[{"id":15910,"href":"https:\/\/defensoriaformosa.gob.ar\/index.php?rest_route=\/wp\/v2\/posts\/15900\/revisions\/15910"}],"wp:featuredmedia":[{"embeddable":true,"href":"https:\/\/defensoriaformosa.gob.ar\/index.php?rest_route=\/wp\/v2\/media\/15901"}],"wp:attachment":[{"href":"https:\/\/defensoriaformosa.gob.ar\/index.php?rest_route=%2Fwp%2Fv2%2Fmedia&parent=15900"}],"wp:term":[{"taxonomy":"category","embeddable":true,"href":"https:\/\/defensoriaformosa.gob.ar\/index.php?rest_route=%2Fwp%2Fv2%2Fcategories&post=15900"},{"taxonomy":"post_tag","embeddable":true,"href":"https:\/\/defensoriaformosa.gob.ar\/index.php?rest_route=%2Fwp%2Fv2%2Ftags&post=15900"}],"curies":[{"name":"wp","href":"https:\/\/api.w.org\/{rel}","templated":true}]}}