{"id":15893,"date":"2025-01-06T21:04:57","date_gmt":"2025-01-07T00:04:57","guid":{"rendered":"https:\/\/defensoriaformosa.gob.ar\/?p=15893"},"modified":"2025-01-06T21:04:57","modified_gmt":"2025-01-07T00:04:57","slug":"se-emplazo-a-la-empresa-unitan-a-que-implemente-urgentes-medidas-preventivas-de-seguridad-bajo-apercibimiento-de-solicitar-su-clausura","status":"publish","type":"post","link":"https:\/\/defensoriaformosa.gob.ar\/?p=15893","title":{"rendered":"SE EMPLAZ\u00d3 A LA EMPRESA UNIT\u00c1N A QUE IMPLEMENTE URGENTES MEDIDAS PREVENTIVAS DE SEGURIDAD, BAJO APERCIBIMIENTO DE SOLICITAR SU CLAUSURA"},"content":{"rendered":"<p><strong>-Se record\u00f3 que en fecha 30 de setiembre del 2024 se produjo en el dep\u00f3sito de rollizos un incendio y que el 2 de diciembre del mismo a\u00f1o hubo otro incendio originado en una caldera-<\/strong><\/p>\n<p><!--more--><\/p>\n<p>Ante los planteos efectuados por vecinos del B\u00ba Bernardino Rivadavia ex Lote 4, que residen en cercan\u00edas a la Planta y dep\u00f3sitos de la empresa UNIT\u00c1N SAICA, quienes expresaron por ante la Defensor\u00eda del Pueblo, sus temores y preocupaciones ante los reiterados incendios que se han producido en los \u00faltimos tiempos, desde el Organismo de la Constituci\u00f3n, se solicit\u00f3 formalmente al Jefe de Producci\u00f3n de dicha empresa Sr. Ricardo Cristanchi, informe cuales fueron las causas del incendio ocurrido en el d\u00eda de la fecha, el lugar donde se origin\u00f3 el mismo, as\u00ed como si se activ\u00f3 alg\u00fan protocolo al respecto. En virtud de la reiteraci\u00f3n de hechos de caracter\u00edsticas similares desde la Defensor\u00eda del Pueblo se exhort\u00f3 a UNIT\u00c1N SAICA a implementar de manera urgente medidas preventivas que eviten la puesta en peligro de la vida y bienes especialmente de los vecinos que habitan en zonas adyacentes a la f\u00e1brica, bajo apercibimiento de solicitarse la clausura de la misma por ante las Autoridades Competentes, si en el plazo de 15 d\u00edas no se llevan adelante las acciones correctivas.<\/p>\n<p>El Ombudsman Provincial Dr. Jos\u00e9 Leonardo Gialluca se\u00f1al\u00f3 adem\u00e1s que se requirieron los antecedentes necesarios al Jefe del\u00a0Cuerpo de Bomberos de la Polic\u00eda de Formosa, Comisario Inspector Sergio Almir\u00f3n, a fin de recopilar los elementos que permitan conocer los motivos que dieron origen al incendio ocurrido en el dep\u00f3sito de rollizos ubicado al lado del \u201cPaseo del R\u00edo\u201d, el cual si bien fue controlado, luego de la intervenci\u00f3n de los bomberos, no deja de constituir un riesgo permanente al cual se encuentran expuestos quienes residen en zonas aleda\u00f1as. Asimismo, se solicit\u00f3 la intervenci\u00f3n del \u00c1rea de Fiscalizaci\u00f3n del Ministerio de Producci\u00f3n y Ambiente, con el objetivo de que se constate cu\u00e1les son las actuales medidas de seguridad que posee este emprendimiento que por la naturaleza de las actividades que desarrolla y al encontrarse en plena zona residencial, no se le puede tolerar coloquen en peligro la integridad de personas y de sus bienes.<\/p>\n","protected":false},"excerpt":{"rendered":"<p>-Se record\u00f3 que en fecha 30 de setiembre del 2024 se produjo en el dep\u00f3sito de rollizos un incendio y que el 2 de diciembre del mismo a\u00f1o hubo otro incendio originado en una caldera-<\/p>\n","protected":false},"author":1,"featured_media":15894,"comment_status":"closed","ping_status":"closed","sticky":false,"template":"","format":"standard","meta":{"footnotes":""},"categories":[1],"tags":[],"class_list":["post-15893","post","type-post","status-publish","format-standard","has-post-thumbnail","hentry","category-noticias"],"_links":{"self":[{"href":"https:\/\/defensoriaformosa.gob.ar\/index.php?rest_route=\/wp\/v2\/posts\/15893","targetHints":{"allow":["GET"]}}],"collection":[{"href":"https:\/\/defensoriaformosa.gob.ar\/index.php?rest_route=\/wp\/v2\/posts"}],"about":[{"href":"https:\/\/defensoriaformosa.gob.ar\/index.php?rest_route=\/wp\/v2\/types\/post"}],"author":[{"embeddable":true,"href":"https:\/\/defensoriaformosa.gob.ar\/index.php?rest_route=\/wp\/v2\/users\/1"}],"replies":[{"embeddable":true,"href":"https:\/\/defensoriaformosa.gob.ar\/index.php?rest_route=%2Fwp%2Fv2%2Fcomments&post=15893"}],"version-history":[{"count":1,"href":"https:\/\/defensoriaformosa.gob.ar\/index.php?rest_route=\/wp\/v2\/posts\/15893\/revisions"}],"predecessor-version":[{"id":15895,"href":"https:\/\/defensoriaformosa.gob.ar\/index.php?rest_route=\/wp\/v2\/posts\/15893\/revisions\/15895"}],"wp:featuredmedia":[{"embeddable":true,"href":"https:\/\/defensoriaformosa.gob.ar\/index.php?rest_route=\/wp\/v2\/media\/15894"}],"wp:attachment":[{"href":"https:\/\/defensoriaformosa.gob.ar\/index.php?rest_route=%2Fwp%2Fv2%2Fmedia&parent=15893"}],"wp:term":[{"taxonomy":"category","embeddable":true,"href":"https:\/\/defensoriaformosa.gob.ar\/index.php?rest_route=%2Fwp%2Fv2%2Fcategories&post=15893"},{"taxonomy":"post_tag","embeddable":true,"href":"https:\/\/defensoriaformosa.gob.ar\/index.php?rest_route=%2Fwp%2Fv2%2Ftags&post=15893"}],"curies":[{"name":"wp","href":"https:\/\/api.w.org\/{rel}","templated":true}]}}