{"id":15890,"date":"2025-01-06T21:03:48","date_gmt":"2025-01-07T00:03:48","guid":{"rendered":"https:\/\/defensoriaformosa.gob.ar\/?p=15890"},"modified":"2025-01-06T21:03:48","modified_gmt":"2025-01-07T00:03:48","slug":"se-solucionaron-los-inconvenientes-para-la-carga-de-la-sube-inclusiva","status":"publish","type":"post","link":"https:\/\/defensoriaformosa.gob.ar\/?p=15890","title":{"rendered":"SE SOLUCIONARON LOS INCONVENIENTES PARA LA CARGA DE LA \u201cSUBE INCLUSIVA\u201d"},"content":{"rendered":"<p><strong>Desde la Direcci\u00f3n de Discapacidad de la Defensor\u00eda del Pueblo de la Provincia de Formosa, se inform\u00f3 que en horas de la ma\u00f1ana del lunes 6 de enero del corriente a\u00f1o, se solucionaron los inconvenientes que se ven\u00edan dando en relaci\u00f3n a la carga de las tarjetas Sube Inclusiva para personas con discapacidad y que utilizan las diferentes unidades de la empresa municipal de transporte \u201cFermoza\u201d. <\/strong><\/p>\n<p><!--more--><\/p>\n<p>El Defensor del Pueblo Dr. Jos\u00e9 Leonardo Gialluca, reconoci\u00f3 las gestiones que llev\u00f3 adelante el Director de Transporte Fabi\u00e1n Olivera para normalizar esta situaci\u00f3n,\u00a0 que por su expresa indicaci\u00f3n a los distintos choferes, estos \u00faltimos trasladaron sin contratiempo alguno a cada persona discapacitada, a\u00f1adi\u00e9ndose que, a cada beneficiario se le est\u00e1 otorgando a la fecha 250 pasajes por mes de manera gratuita y que se le puede volver a renovar si fuera necesario en el mismo per\u00edodo, presentando siempre el Certificado \u00danico de Discapacidad, haci\u00e9ndose la salvedad de que la carga de estas \u00fanicamente se concretan en el municipio, quien se hace cargo de financiar el boleto gratuito para personas con discapacidad, para obtener la misma los interesados deben presentar: * DNI actualizado, ORIGINAL; * Certificado \u00danico de Discapacidad vigente, ORIGINAL y fotocopia, * Estar domiciliado en Formosa Capital &#8211; Constancia de Domicilio expedida por la Polic\u00eda de la Provincia de Formosa; * Turno\u00a0para el tr\u00e1mite mencionado, siendo el mismo personal. Se aclar\u00f3 por otro lado, en relaci\u00f3n a las cargas de las tarjetas Subes del resto de los usuarios del transporte p\u00fablico, no existe, ni existi\u00f3 inconveniente alguno y en estos casos los interesados pueden efectuar las recargas pertinentes mediante el sistema de pago electr\u00f3nico de la App SUBE o en los Puntos de Carga ubicados en distintos sitios de nuestra ciudad, sobresaliendo los que funcionan en las Agencias de Quinielas, algunas farmacias, supermercados y kioscos.<\/p>\n","protected":false},"excerpt":{"rendered":"<p>Desde la Direcci\u00f3n de Discapacidad de la Defensor\u00eda del Pueblo de la Provincia de Formosa, se inform\u00f3 que en horas de la ma\u00f1ana del lunes 6 de enero del corriente a\u00f1o, se solucionaron los inconvenientes que se ven\u00edan dando en relaci\u00f3n a la carga de las tarjetas Sube Inclusiva para personas con discapacidad y que [&hellip;]<\/p>\n","protected":false},"author":1,"featured_media":15891,"comment_status":"closed","ping_status":"closed","sticky":false,"template":"","format":"standard","meta":{"footnotes":""},"categories":[1],"tags":[],"class_list":["post-15890","post","type-post","status-publish","format-standard","has-post-thumbnail","hentry","category-noticias"],"_links":{"self":[{"href":"https:\/\/defensoriaformosa.gob.ar\/index.php?rest_route=\/wp\/v2\/posts\/15890","targetHints":{"allow":["GET"]}}],"collection":[{"href":"https:\/\/defensoriaformosa.gob.ar\/index.php?rest_route=\/wp\/v2\/posts"}],"about":[{"href":"https:\/\/defensoriaformosa.gob.ar\/index.php?rest_route=\/wp\/v2\/types\/post"}],"author":[{"embeddable":true,"href":"https:\/\/defensoriaformosa.gob.ar\/index.php?rest_route=\/wp\/v2\/users\/1"}],"replies":[{"embeddable":true,"href":"https:\/\/defensoriaformosa.gob.ar\/index.php?rest_route=%2Fwp%2Fv2%2Fcomments&post=15890"}],"version-history":[{"count":1,"href":"https:\/\/defensoriaformosa.gob.ar\/index.php?rest_route=\/wp\/v2\/posts\/15890\/revisions"}],"predecessor-version":[{"id":15892,"href":"https:\/\/defensoriaformosa.gob.ar\/index.php?rest_route=\/wp\/v2\/posts\/15890\/revisions\/15892"}],"wp:featuredmedia":[{"embeddable":true,"href":"https:\/\/defensoriaformosa.gob.ar\/index.php?rest_route=\/wp\/v2\/media\/15891"}],"wp:attachment":[{"href":"https:\/\/defensoriaformosa.gob.ar\/index.php?rest_route=%2Fwp%2Fv2%2Fmedia&parent=15890"}],"wp:term":[{"taxonomy":"category","embeddable":true,"href":"https:\/\/defensoriaformosa.gob.ar\/index.php?rest_route=%2Fwp%2Fv2%2Fcategories&post=15890"},{"taxonomy":"post_tag","embeddable":true,"href":"https:\/\/defensoriaformosa.gob.ar\/index.php?rest_route=%2Fwp%2Fv2%2Ftags&post=15890"}],"curies":[{"name":"wp","href":"https:\/\/api.w.org\/{rel}","templated":true}]}}