{"id":15883,"date":"2024-12-30T21:02:01","date_gmt":"2024-12-31T00:02:01","guid":{"rendered":"https:\/\/defensoriaformosa.gob.ar\/?p=15883"},"modified":"2025-01-01T21:04:22","modified_gmt":"2025-01-02T00:04:22","slug":"solicitan-a-la-secretaria-de-energia-garantice-el-abastecimiento-energetico-para-los-meses-de-verano","status":"publish","type":"post","link":"https:\/\/defensoriaformosa.gob.ar\/?p=15883","title":{"rendered":"SOLICITAN A LA SECRETARIA DE ENERGIA GARANTICE EL ABASTECIMIENTO ENERGETICO PARA LOS MESES DE VERANO"},"content":{"rendered":"<p><strong>Desde la Defensor\u00eda del Pueblo de la Provincia de Formosa, se denunci\u00f3 que, el sistema el\u00e9ctrico nacional con su actual infraestructura, no asegura, un normal abastecimiento para esta temporada de verano, cuando la demanda el\u00e9ctrica alcance niveles cr\u00edticos. <\/strong><\/p>\n<p><!--more--><\/p>\n<p>El Ombudsman Provincial, Dr. Jos\u00e9 Leonardo Gialluca, se\u00f1al\u00f3 que la falta de inversiones del Estado Nacional, como de los privados, sigue siendo el mayor problema que tiene este sector, por lo cual, no solamente se ver\u00e1n afectados los usuarios residenciales, sino tambi\u00e9n, los comercios, pymes e industrias. Ante esta situaci\u00f3n, se solicit\u00f3 a la Secretaria de Energ\u00eda a cargo de Mar\u00eda Tettamanti, que no se postergue una de las obras m\u00e1s importantes para el abastecimiento el\u00e9ctrico del pa\u00eds, esto es, la l\u00ednea de alta tensi\u00f3n AMBA I, Proyecto pensado para mejorar la infraestructura del Sistema Argentino de Interconexi\u00f3n (SADI), que fue suspendido, \u201cporque se pretend\u00eda arbitrariamente implementar un -cargo fijo- en todas las facturas de los usuarios argentinos para financiar la obra, con lo cual, se pagar\u00edan nuevos aumentos que ir\u00edan desde un 3 a un 10%, lo cual, hemos rechazado y sugerido que se utilicen fondos del Estado Nacional o se obtengan cr\u00e9ditos a largo plazo que permita avanzar con la construcci\u00f3n de este proyecto\u201d.<\/p>\n<p>Gialluca afirm\u00f3 que, lo que pretend\u00eda la Secretar\u00eda de Energ\u00eda era que, los usuarios del Norte Grande asumieran los costos de un anillo energ\u00e9tico que iba a beneficiar exclusivamente al AMBA y por otro lado, con el esquema de \u201cestampillado a la demanda\u201d, lo que implica que los usuarios de electricidad de todo el pa\u00eds sean los que financien la inversi\u00f3n, a partir de la creaci\u00f3n de un cargo fijo, cuyos fondos se ir\u00edan acumulando en un fideicomiso, permitir\u00eda comenzar con la obra y en tres a\u00f1os cubrir su financiamiento, siendo totalmente objetable, que el Estado Nacional le cobre a la gente una obra que todav\u00eda no se hizo y donde la responsabilidad por el abastecimiento en la generaci\u00f3n energ\u00e9tica para todo el pa\u00eds, recae en el mismo, siendo este un servicio p\u00fablico esencial del cual no se puede desentender.<\/p>\n","protected":false},"excerpt":{"rendered":"<p>Desde la Defensor\u00eda del Pueblo de la Provincia de Formosa, se denunci\u00f3 que, el sistema el\u00e9ctrico nacional con su actual infraestructura, no asegura, un normal abastecimiento para esta temporada de verano, cuando la demanda el\u00e9ctrica alcance niveles cr\u00edticos.<\/p>\n","protected":false},"author":1,"featured_media":15884,"comment_status":"closed","ping_status":"closed","sticky":false,"template":"","format":"standard","meta":{"footnotes":""},"categories":[1],"tags":[],"class_list":["post-15883","post","type-post","status-publish","format-standard","has-post-thumbnail","hentry","category-noticias"],"_links":{"self":[{"href":"https:\/\/defensoriaformosa.gob.ar\/index.php?rest_route=\/wp\/v2\/posts\/15883","targetHints":{"allow":["GET"]}}],"collection":[{"href":"https:\/\/defensoriaformosa.gob.ar\/index.php?rest_route=\/wp\/v2\/posts"}],"about":[{"href":"https:\/\/defensoriaformosa.gob.ar\/index.php?rest_route=\/wp\/v2\/types\/post"}],"author":[{"embeddable":true,"href":"https:\/\/defensoriaformosa.gob.ar\/index.php?rest_route=\/wp\/v2\/users\/1"}],"replies":[{"embeddable":true,"href":"https:\/\/defensoriaformosa.gob.ar\/index.php?rest_route=%2Fwp%2Fv2%2Fcomments&post=15883"}],"version-history":[{"count":1,"href":"https:\/\/defensoriaformosa.gob.ar\/index.php?rest_route=\/wp\/v2\/posts\/15883\/revisions"}],"predecessor-version":[{"id":15885,"href":"https:\/\/defensoriaformosa.gob.ar\/index.php?rest_route=\/wp\/v2\/posts\/15883\/revisions\/15885"}],"wp:featuredmedia":[{"embeddable":true,"href":"https:\/\/defensoriaformosa.gob.ar\/index.php?rest_route=\/wp\/v2\/media\/15884"}],"wp:attachment":[{"href":"https:\/\/defensoriaformosa.gob.ar\/index.php?rest_route=%2Fwp%2Fv2%2Fmedia&parent=15883"}],"wp:term":[{"taxonomy":"category","embeddable":true,"href":"https:\/\/defensoriaformosa.gob.ar\/index.php?rest_route=%2Fwp%2Fv2%2Fcategories&post=15883"},{"taxonomy":"post_tag","embeddable":true,"href":"https:\/\/defensoriaformosa.gob.ar\/index.php?rest_route=%2Fwp%2Fv2%2Ftags&post=15883"}],"curies":[{"name":"wp","href":"https:\/\/api.w.org\/{rel}","templated":true}]}}