{"id":15859,"date":"2024-12-20T10:35:47","date_gmt":"2024-12-20T13:35:47","guid":{"rendered":"https:\/\/defensoriaformosa.gob.ar\/?p=15859"},"modified":"2024-12-23T10:39:50","modified_gmt":"2024-12-23T13:39:50","slug":"defensores-del-pueblo-solicitan-a-la-presidenta-del-senado-que-se-integre-la-comision-bicameral-para-designar-defensor-de-ninas-os-y-adolescentes","status":"publish","type":"post","link":"https:\/\/defensoriaformosa.gob.ar\/?p=15859","title":{"rendered":"DEFENSORES DEL PUEBLO SOLICITAN A LA PRESIDENTA DEL SENADO QUE SE INTEGRE LA COMISION BICAMERAL PARA DESIGNAR DEFENSOR DE NI\u00d1AS\/OS Y ADOLESCENTES"},"content":{"rendered":"<p><strong>-El mandato de las Autoridades actuales Marisa Graham y Juan Facundo Hern\u00e1ndez, culminan el mismo el 28 de febrero del 2025 y el periodo de sesiones ordinarias iniciar\u00e1 el 1 de marzo, por lo que resulta urgente que la Comisi\u00f3n Bicameral Permanente est\u00e9 integrada por los cinco Senadores elegidos para designar a estos funcionarios, siendo que los otros cinco miembros que corresponden a la C\u00e1mara de Diputados ya han sido designados-<\/strong><\/p>\n<p><!--more--><\/p>\n<p>La Comisi\u00f3n Directiva de ADPRA (Asociaci\u00f3n de Defensores del Pueblo de la Rep\u00fablica Argentina) y de la cual, el Ombudsman Provincial, Dr. Jos\u00e9 Leonardo Gialluca, se desempe\u00f1a como Vicepresidente II, solicitaron a la Presidenta de la C\u00e1mara de Senadores de la Naci\u00f3n, Dra. Victoria Eugenia Villaruel, se nombren los Senadores para integrar la Comisi\u00f3n Bicameral que deber\u00e1 dar cumplimiento a la Ley N\u00ba 26.061, a fin de designar al nuevo Defensor de Ni\u00f1as\/os y adolescentes y su Adjunto o reelegir a los actuales. Ello dado que, la Dra. Marisa Graham y Juan Facundo Hern\u00e1ndez, culminar\u00e1n su mandato el 28 de febrero del 2025, y que el periodo de sesiones ordinarias se iniciar\u00e1 el 1 de marzo, resulta imperioso que la Comisi\u00f3n Bicameral Permanente est\u00e9 integrada por los 5 Senadores Nacionales elegidos para designar al Titular del Organismo antes de esa fecha, siendo que los otros 5 miembros, que corresponden a la C\u00e1mara de Diputados, ya han sido designados.<\/p>\n<p>Se record\u00f3 que, la Ley N\u00ba 26.061 que regula la Actuaci\u00f3n de la Defensor\u00eda de los Derechos de Ni\u00f1as\/os y adolescentes, reconoce una amplia legitimaci\u00f3n para representar colectivamente los derechos humanos de estos colectivos en la Rep\u00fablica Argentina, tanto mediante v\u00eda judicial, como extrajudicial, incluso sin que sea necesario un reclamo o una solicitud de intervenci\u00f3n. Todo esto, en un contexto de crecimiento de la pobreza que afecta a 7 de cada 10 ni\u00f1os en el pa\u00eds, es indispensable contar con todos los mecanismos Institucionales disponibles para exigir el cumplimiento de las obligaciones del Estado hacia la infancia y adolescencia.<\/p>\n","protected":false},"excerpt":{"rendered":"<p>-El mandato de las Autoridades actuales Marisa Graham y Juan Facundo Hern\u00e1ndez, culminan el mismo el 28 de febrero del 2025 y el periodo de sesiones ordinarias iniciar\u00e1 el 1 de marzo, por lo que resulta urgente que la Comisi\u00f3n Bicameral Permanente est\u00e9 integrada por los cinco Senadores elegidos para designar a estos funcionarios, siendo [&hellip;]<\/p>\n","protected":false},"author":1,"featured_media":15860,"comment_status":"closed","ping_status":"closed","sticky":false,"template":"","format":"standard","meta":{"footnotes":""},"categories":[1],"tags":[],"class_list":["post-15859","post","type-post","status-publish","format-standard","has-post-thumbnail","hentry","category-noticias"],"_links":{"self":[{"href":"https:\/\/defensoriaformosa.gob.ar\/index.php?rest_route=\/wp\/v2\/posts\/15859","targetHints":{"allow":["GET"]}}],"collection":[{"href":"https:\/\/defensoriaformosa.gob.ar\/index.php?rest_route=\/wp\/v2\/posts"}],"about":[{"href":"https:\/\/defensoriaformosa.gob.ar\/index.php?rest_route=\/wp\/v2\/types\/post"}],"author":[{"embeddable":true,"href":"https:\/\/defensoriaformosa.gob.ar\/index.php?rest_route=\/wp\/v2\/users\/1"}],"replies":[{"embeddable":true,"href":"https:\/\/defensoriaformosa.gob.ar\/index.php?rest_route=%2Fwp%2Fv2%2Fcomments&post=15859"}],"version-history":[{"count":1,"href":"https:\/\/defensoriaformosa.gob.ar\/index.php?rest_route=\/wp\/v2\/posts\/15859\/revisions"}],"predecessor-version":[{"id":15861,"href":"https:\/\/defensoriaformosa.gob.ar\/index.php?rest_route=\/wp\/v2\/posts\/15859\/revisions\/15861"}],"wp:featuredmedia":[{"embeddable":true,"href":"https:\/\/defensoriaformosa.gob.ar\/index.php?rest_route=\/wp\/v2\/media\/15860"}],"wp:attachment":[{"href":"https:\/\/defensoriaformosa.gob.ar\/index.php?rest_route=%2Fwp%2Fv2%2Fmedia&parent=15859"}],"wp:term":[{"taxonomy":"category","embeddable":true,"href":"https:\/\/defensoriaformosa.gob.ar\/index.php?rest_route=%2Fwp%2Fv2%2Fcategories&post=15859"},{"taxonomy":"post_tag","embeddable":true,"href":"https:\/\/defensoriaformosa.gob.ar\/index.php?rest_route=%2Fwp%2Fv2%2Ftags&post=15859"}],"curies":[{"name":"wp","href":"https:\/\/api.w.org\/{rel}","templated":true}]}}