{"id":15761,"date":"2024-11-19T09:58:24","date_gmt":"2024-11-19T12:58:24","guid":{"rendered":"https:\/\/defensoriaformosa.gob.ar\/?p=15761"},"modified":"2024-11-20T10:01:19","modified_gmt":"2024-11-20T13:01:19","slug":"solicitan-intervencion-de-la-justicia-federal-para-liberar-el-transito-en-la-ruta-nacional-no-81-a-la-altura-de-la-colonia-juan-bautista-alberdi","status":"publish","type":"post","link":"https:\/\/defensoriaformosa.gob.ar\/?p=15761","title":{"rendered":"SOLICITAN INTERVENCION DE LA JUSTICIA FEDERAL PARA LIBERAR EL TRANSITO EN LA RUTA NACIONAL N\u00ba 81 A LA ALTURA DE LA COLONIA JUAN BAUTISTA ALBERDI"},"content":{"rendered":"<p><strong>Un grupo de doce originarios pertenecientes a la Colonia Juan Bautista Alberdi distante a unos 238 km aproximadamente de la Localidad de Estanislao del Campo, vienen desde el d\u00eda mi\u00e9rcoles 13 procediendo a interrumpir el libre tr\u00e1nsito de la Ruta Nacional N\u00ba 81, hecho que recrudeci\u00f3 este d\u00eda martes en horas de la ma\u00f1ana cuando los mismos decidieron el corte total de esta traza, impidiendo la circulaci\u00f3n de veh\u00edculos livianos, de pasajeros y de carga, todos los que se encuentran impedidos de utilizar caminos alternativos, tanto por Colonia 14 de Mayo y Ex Ruta Nacional N\u00ba 81, debido a que por las copiosas lluvias estos se encuentran intransitables, adem\u00e1s, del peligro que conlleva, adentrarse en las actuales condiciones.<\/strong><\/p>\n<p><!--more--><\/p>\n<p>Ante esta situaci\u00f3n y frente al pedido de decenas de ciudadanos que necesitan circular libremente por la RN N\u00ba 81 y, adem\u00e1s, poseen el derecho leg\u00edtimo a realizarlo, desde la Defensor\u00eda del Pueblo de la Provincia de Formosa, se concret\u00f3 un pedido de urgente intervenci\u00f3n de la Jueza Federal, Dra. Mar\u00eda Bel\u00e9n L\u00f3pez Mac\u00e9, con la finalidad de que se adopten las medidas urgentes y necesarias para liberar el tr\u00e1nsito en la zona, adem\u00e1s de convocar a una Audiencia Multiprop\u00f3sito, donde las partes podr\u00e1n expresar los motivos y causas que los han llevado a tomar esta dr\u00e1stica medida que afecta derechos constitucionales de terceros, quienes se ven perjudicados y afectados al no poder desarrollar con normalidad sus actividades o compromisos contra\u00eddos oportunamente.<\/p>\n<p>El Ombudsman Provincial, Dr. Jos\u00e9 Leonardo Gialluca, se\u00f1al\u00f3 que, el Organismo de la Constituci\u00f3n Provincial, junto a todos los Estamentos del Estado Provincial, nos encontramos abiertos al di\u00e1logo para encontrar los consensos indispensables y si bien se han entablado algunas pl\u00e1ticas con el Referente del corte, su intransigencia y la de quienes lo acompa\u00f1an, nos ha obligado a tener que solicitar formalmente la intervenci\u00f3n de la Justicia Federal como \u00e1mbito donde se podr\u00e1 primero dejar sin efecto el corte de la Ruta Nacional N\u00ba 81 y luego tender los puentes de comunicaciones Institucionales que permitan acordar soluciones racionales y pac\u00edficas.<\/p>\n","protected":false},"excerpt":{"rendered":"<p>Un grupo de doce originarios pertenecientes a la Colonia Juan Bautista Alberdi distante a unos 238 km aproximadamente de la Localidad de Estanislao del Campo, vienen desde el d\u00eda mi\u00e9rcoles 13 procediendo a interrumpir el libre tr\u00e1nsito de la Ruta Nacional N\u00ba 81, hecho que recrudeci\u00f3 este d\u00eda martes en horas de la ma\u00f1ana cuando [&hellip;]<\/p>\n","protected":false},"author":1,"featured_media":15762,"comment_status":"closed","ping_status":"closed","sticky":false,"template":"","format":"standard","meta":{"footnotes":""},"categories":[1],"tags":[],"class_list":["post-15761","post","type-post","status-publish","format-standard","has-post-thumbnail","hentry","category-noticias"],"_links":{"self":[{"href":"https:\/\/defensoriaformosa.gob.ar\/index.php?rest_route=\/wp\/v2\/posts\/15761","targetHints":{"allow":["GET"]}}],"collection":[{"href":"https:\/\/defensoriaformosa.gob.ar\/index.php?rest_route=\/wp\/v2\/posts"}],"about":[{"href":"https:\/\/defensoriaformosa.gob.ar\/index.php?rest_route=\/wp\/v2\/types\/post"}],"author":[{"embeddable":true,"href":"https:\/\/defensoriaformosa.gob.ar\/index.php?rest_route=\/wp\/v2\/users\/1"}],"replies":[{"embeddable":true,"href":"https:\/\/defensoriaformosa.gob.ar\/index.php?rest_route=%2Fwp%2Fv2%2Fcomments&post=15761"}],"version-history":[{"count":1,"href":"https:\/\/defensoriaformosa.gob.ar\/index.php?rest_route=\/wp\/v2\/posts\/15761\/revisions"}],"predecessor-version":[{"id":15763,"href":"https:\/\/defensoriaformosa.gob.ar\/index.php?rest_route=\/wp\/v2\/posts\/15761\/revisions\/15763"}],"wp:featuredmedia":[{"embeddable":true,"href":"https:\/\/defensoriaformosa.gob.ar\/index.php?rest_route=\/wp\/v2\/media\/15762"}],"wp:attachment":[{"href":"https:\/\/defensoriaformosa.gob.ar\/index.php?rest_route=%2Fwp%2Fv2%2Fmedia&parent=15761"}],"wp:term":[{"taxonomy":"category","embeddable":true,"href":"https:\/\/defensoriaformosa.gob.ar\/index.php?rest_route=%2Fwp%2Fv2%2Fcategories&post=15761"},{"taxonomy":"post_tag","embeddable":true,"href":"https:\/\/defensoriaformosa.gob.ar\/index.php?rest_route=%2Fwp%2Fv2%2Ftags&post=15761"}],"curies":[{"name":"wp","href":"https:\/\/api.w.org\/{rel}","templated":true}]}}