{"id":15758,"date":"2024-11-18T09:22:21","date_gmt":"2024-11-18T12:22:21","guid":{"rendered":"https:\/\/defensoriaformosa.gob.ar\/?p=15758"},"modified":"2024-11-19T09:28:10","modified_gmt":"2024-11-19T12:28:10","slug":"informo-la-cnrt-a-la-defensoria-del-pueblo-que-se-adoptaron-nuevas-medidas-para-que-las-empresas-de-transporte-otorguen-pasajes-a-las-personas-con-discapacidad","status":"publish","type":"post","link":"https:\/\/defensoriaformosa.gob.ar\/?p=15758","title":{"rendered":"INFORMO LA CNRT A LA DEFENSORIA DEL PUEBLO QUE SE ADOPTARON NUEVAS MEDIDAS PARA QUE LAS EMPRESAS DE TRANSPORTE OTORGUEN PASAJES A LAS PERSONAS CON DISCAPACIDAD"},"content":{"rendered":"<p><strong>-Los Defensores de todo el Pa\u00eds, se presentar\u00e1n como \u201cAmicus Curiae\u201d en la acci\u00f3n judicial que inici\u00f3 la CNRT para garantizar que las empresas de transporte cumplan con el Sistema Integral de las personas discapacitadas-<\/strong><\/p>\n<p><!--more--><\/p>\n<p>Ante las dificultades y contratiempos con las que se encuentran las personas con discapacidad para reservar y obtener en las empresas de transporte de media y larga distancia pasajes gratuitos, que se hayan contemplados en las Leyes N\u00ba 22.431, 26.928 y 27.674, el Gerente de Calidad y Prestaci\u00f3n de Servicios de la CNRT, Marcelo Dilernia, inform\u00f3 a la Defensor\u00eda del Pueblo de la Provincia de Formosa, que esa Comisi\u00f3n Nacional est\u00e1 abocada a lograr una r\u00e1pida reversi\u00f3n de las medidas unilaterales que algunas empresas han tomado a partir del d\u00eda 7 de octubre en adelante y que afectan los derechos de las personas con discapacidad. A\u00f1adi\u00f3 el Funcionario Nacional que, se ha presentado una Medida Cautelar ante el Poder Judicial de la Naci\u00f3n, solicitando se restablezca la situaci\u00f3n anterior a la fecha indicada, por parte de las empresas que han inactivado servicios a disposici\u00f3n de las personas alcanzadas por las leyes antedichas.<\/p>\n<p>Por otro lado, y hasta tanto se materialice una decisi\u00f3n judicial, la CNRT dispuso que todas las oficinas de atenci\u00f3n al p\u00fablico, se encuentren pronta a resolver los inconvenientes que esta decisi\u00f3n empresarial ha generado, intercediendo para la emisi\u00f3n de los boletos reservados, logrando reubicaciones ante boletos no emitidos, etc., siempre procurando brindar una soluci\u00f3n a la persona beneficiaria. En este contexto, detall\u00f3 que, se ha comenzado a notificar las multas correspondientes a las empresas infractoras, del mismo modo que personal del Organismo en todo el pa\u00eds se encuentra labrando Actas de Constataci\u00f3n ante la verificaci\u00f3n de los incumplimientos a la normativa vigente.<\/p>\n<p>A\u00f1adi\u00f3 que, los canales de atenci\u00f3n, como lo es el Centro de Atenci\u00f3n Telef\u00f3nica, se encuentra operando al tope de su capacidad, por lo que, otorg\u00f3 otras v\u00edas de comunicaci\u00f3n para recibir consultas y reclamos de las personas discapacitadas y que son las siguientes: Web <a href=\"about:blank\">https:\/\/control.cnrt.gob.ar<\/a>; Tel\u00e9fono 0800 \u2013 333 \u2013 0300 de lunes a viernes de 8:00 a 20:00 horas; redes sociales @infoCNRT. Por otra parte, la Subgerente de Fiscalizaci\u00f3n de Delegaciones Regionales, Liliana Gorge, comunic\u00f3 al Defensor del Pueblo que, arbitrar\u00e1 todos los medios necesarios para que se intensifiquen los controles sobre las unidades de transporte de larga distancia, habi\u00e9ndose ordenado al Cuerpo de Fiscalizadores de la Delegaci\u00f3n Provincial Formosa, que realicen controles permanentes que garanticen los derechos de las personas con discapacidad. Por \u00faltimo, el Ombudsman Provincial, se\u00f1al\u00f3 que, nuestra Instituci\u00f3n, junto a las Defensor\u00edas Argentinas nucleadas en ADPRA, nos presentaremos como -Amicus Curiae- en la acci\u00f3n que impuls\u00f3 la CNRT en relaci\u00f3n con el acceso a los pasajes de media y larga distancia para personas con discapacidad, ofreciendo y sugiriendo a todos los interesados, que ante cualquier inconveniente, acudan a nuestra Sede, sito en calle Padre Pati\u00f1o N\u00ba 831 de lunes a viernes de 8:00 a 20:00 hs o se comuniquen a los correos electr\u00f3nicos <a href=\"about:blank\">denuncia@formosa.gob.ar<\/a> \u2013 <a href=\"about:blank\">depuefor@fibertel.com.ar<\/a> y\/o a los n\u00fameros 370 4436379 \u2013 0800 444 1770.<\/p>\n","protected":false},"excerpt":{"rendered":"<p>-Los Defensores de todo el Pa\u00eds, se presentar\u00e1n como \u201cAmicus Curiae\u201d en la acci\u00f3n judicial que inici\u00f3 la CNRT para garantizar que las empresas de transporte cumplan con el Sistema Integral de las personas discapacitadas-<\/p>\n","protected":false},"author":1,"featured_media":15759,"comment_status":"closed","ping_status":"closed","sticky":false,"template":"","format":"standard","meta":{"footnotes":""},"categories":[1],"tags":[],"class_list":["post-15758","post","type-post","status-publish","format-standard","has-post-thumbnail","hentry","category-noticias"],"_links":{"self":[{"href":"https:\/\/defensoriaformosa.gob.ar\/index.php?rest_route=\/wp\/v2\/posts\/15758","targetHints":{"allow":["GET"]}}],"collection":[{"href":"https:\/\/defensoriaformosa.gob.ar\/index.php?rest_route=\/wp\/v2\/posts"}],"about":[{"href":"https:\/\/defensoriaformosa.gob.ar\/index.php?rest_route=\/wp\/v2\/types\/post"}],"author":[{"embeddable":true,"href":"https:\/\/defensoriaformosa.gob.ar\/index.php?rest_route=\/wp\/v2\/users\/1"}],"replies":[{"embeddable":true,"href":"https:\/\/defensoriaformosa.gob.ar\/index.php?rest_route=%2Fwp%2Fv2%2Fcomments&post=15758"}],"version-history":[{"count":1,"href":"https:\/\/defensoriaformosa.gob.ar\/index.php?rest_route=\/wp\/v2\/posts\/15758\/revisions"}],"predecessor-version":[{"id":15760,"href":"https:\/\/defensoriaformosa.gob.ar\/index.php?rest_route=\/wp\/v2\/posts\/15758\/revisions\/15760"}],"wp:featuredmedia":[{"embeddable":true,"href":"https:\/\/defensoriaformosa.gob.ar\/index.php?rest_route=\/wp\/v2\/media\/15759"}],"wp:attachment":[{"href":"https:\/\/defensoriaformosa.gob.ar\/index.php?rest_route=%2Fwp%2Fv2%2Fmedia&parent=15758"}],"wp:term":[{"taxonomy":"category","embeddable":true,"href":"https:\/\/defensoriaformosa.gob.ar\/index.php?rest_route=%2Fwp%2Fv2%2Fcategories&post=15758"},{"taxonomy":"post_tag","embeddable":true,"href":"https:\/\/defensoriaformosa.gob.ar\/index.php?rest_route=%2Fwp%2Fv2%2Ftags&post=15758"}],"curies":[{"name":"wp","href":"https:\/\/api.w.org\/{rel}","templated":true}]}}