{"id":15751,"date":"2024-11-15T09:14:05","date_gmt":"2024-11-15T12:14:05","guid":{"rendered":"https:\/\/defensoriaformosa.gob.ar\/?p=15751"},"modified":"2024-11-19T09:16:53","modified_gmt":"2024-11-19T12:16:53","slug":"gialluca-denuncio-que-los-alimentos-volvieron-a-subir-en-la-segunda-semana-de-noviembre-por-lo-que-rechazo-las-afirmaciones-sobre-una-incipiente-estabilidad-en-los-valores-de-los-productos-alimentici","status":"publish","type":"post","link":"https:\/\/defensoriaformosa.gob.ar\/?p=15751","title":{"rendered":"GIALLUCA DENUNCIO QUE LOS ALIMENTOS VOLVIERON A SUBIR EN LA SEGUNDA SEMANA DE NOVIEMBRE, POR LO QUE RECHAZO LAS AFIRMACIONES SOBRE UNA INCIPIENTE ESTABILIDAD EN LOS VALORES DE LOS PRODUCTOS ALIMENTICIOS"},"content":{"rendered":"<p><strong>-Denuncian que la suba de servicios, telecomunicaciones y medicamentos duplican la inflaci\u00f3n y originan ca\u00edda en el poder adquisitivo-<\/strong><\/p>\n<p><!--more--><\/p>\n<p><strong>-Los medicamentos m\u00e1s consumidos por personas mayores, aumentaron hasta un 300%, situaci\u00f3n que se agrava por la reducci\u00f3n del vadem\u00e9cum del PAMI, siendo la contracara el desmedido crecimiento en las facturaciones de la industria farmac\u00e9utica que asciende a un 326,7% interanual en el segundo trimestre de 2024, de la misma manera, los incrementos de tarifas de las empresas de telecomunicaciones en este 2024 son exorbitantes. Telecom aument\u00f3, de enero a octubre de 2024, un 225,9% el servicio Flow\/Internet\/l\u00ednea fija y para la telefon\u00eda celular Personal M\u00f3vil un 99%. Claro aument\u00f3, de enero a octubre de 2024, un 128,35%. Telef\u00f3nica\/ Movistar, no se qued\u00f3 atr\u00e1s. Aument\u00f3 de enero a octubre de 2024, un 214% en su servicio de Movistar Hogar y un 75,5 % en Movistar M\u00f3vil-<\/strong><\/p>\n<p>La suba en los precios de los servicios p\u00fablicos, entre los que se encuentran energ\u00eda el\u00e9ctrica, agua potable, gas, telefon\u00eda, prepagas, sumados a los incrementos en los medicamentos, duplican la inflaci\u00f3n general que en el mes pasado fue del 2,7% y origina ca\u00edda en el poder adquisitivo de los salarios de los consumidores. En este sentido, el Ombudsman Provincial, Dr. Jos\u00e9 Leonardo Gialluca, se\u00f1al\u00f3 que, el propio Instituto Nacional de Estad\u00edstica y Censos (INDEC) inform\u00f3 que, hasta septiembre de 2024, el poder adquisitivo de los trabajadores sufri\u00f3 una ca\u00edda del 5,7% en t\u00e9rminos reales, acumulando un retraso de 15 puntos porcentuales respecto al \u00edndice de precios al consumidor (IPC). El \u00faltimo informe del INDEC revel\u00f3 que, en septiembre de 2024, las remuneraciones crecieron en promedio un 4,7%, superando en 1,2 puntos porcentuales la inflaci\u00f3n de ese mes, que fue del 3,5%.<\/p>\n<p>Sin embargo, este repunte mensual no logra compensar la p\u00e9rdida en el a\u00f1o, donde los salarios subieron un 119,2%, mientras que el IPC acumul\u00f3 un alza del 153% desde noviembre pasado. Esta diferencia representa una disminuci\u00f3n significativa del poder adquisitivo de las familias argentinas. En los \u00faltimos doce meses, los salarios crecieron un 181,9%, pero los precios avanzaron un 209%. Esto refleja una disminuci\u00f3n en el valor real de los salarios, lo cual impacta tanto en la capacidad de consumo de los trabajadores como en la econom\u00eda en general. El Funcionario Provincial, destac\u00f3 como positivo que los \u00edndices inflacionarios a nivel pa\u00eds contin\u00faen descendiendo, pero rechaz\u00f3 las declaraciones y posturas de empresarios locales, que observan, \u201cuna incipiente estabilidad en los precios de los productos alimentarios\u201d. Esto no es real y por ello, inform\u00f3 que, los precios de los alimentos subieron entre 0,5% y 0,7% en la segunda semana de noviembre.<\/p>\n<p>En esta misma l\u00ednea, la consultora Eco Go que dirige Marina Dal Poggetto, se\u00f1al\u00f3 que, la inflaci\u00f3n de noviembre se ubicar\u00eda as\u00ed en 3,0% mensual. Por su parte, la consultora LCG midi\u00f3 una variaci\u00f3n de precios de alimentos de 0,7% entre el 6 y el 12 de noviembre. Como en la primera semana del mes la variaci\u00f3n hab\u00eda sido \u00abcero\u00bb, en la primera quincena de noviembre los precios en esta medici\u00f3n subieron 0,7%.<\/p>\n<p>Concluyendo que, en este escenario, los jubilados que cobran la m\u00ednima y el bono, junto al sector privado registrado y a los empleados p\u00fablicos, son los sectores que m\u00e1s p\u00e9rdida de capacidad adquisitiva han tenido, siendo un factor clave, la devaluaci\u00f3n de diciembre de 2023, donde todos los ingresos reales se derrumbaron a\u00fan m\u00e1s de lo que ya lo estaban.<\/p>\n","protected":false},"excerpt":{"rendered":"<p>-Denuncian que la suba de servicios, telecomunicaciones y medicamentos duplican la inflaci\u00f3n y originan ca\u00edda en el poder adquisitivo-<\/p>\n","protected":false},"author":1,"featured_media":15752,"comment_status":"closed","ping_status":"closed","sticky":false,"template":"","format":"standard","meta":{"footnotes":""},"categories":[1],"tags":[],"class_list":["post-15751","post","type-post","status-publish","format-standard","has-post-thumbnail","hentry","category-noticias"],"_links":{"self":[{"href":"https:\/\/defensoriaformosa.gob.ar\/index.php?rest_route=\/wp\/v2\/posts\/15751","targetHints":{"allow":["GET"]}}],"collection":[{"href":"https:\/\/defensoriaformosa.gob.ar\/index.php?rest_route=\/wp\/v2\/posts"}],"about":[{"href":"https:\/\/defensoriaformosa.gob.ar\/index.php?rest_route=\/wp\/v2\/types\/post"}],"author":[{"embeddable":true,"href":"https:\/\/defensoriaformosa.gob.ar\/index.php?rest_route=\/wp\/v2\/users\/1"}],"replies":[{"embeddable":true,"href":"https:\/\/defensoriaformosa.gob.ar\/index.php?rest_route=%2Fwp%2Fv2%2Fcomments&post=15751"}],"version-history":[{"count":2,"href":"https:\/\/defensoriaformosa.gob.ar\/index.php?rest_route=\/wp\/v2\/posts\/15751\/revisions"}],"predecessor-version":[{"id":15754,"href":"https:\/\/defensoriaformosa.gob.ar\/index.php?rest_route=\/wp\/v2\/posts\/15751\/revisions\/15754"}],"wp:featuredmedia":[{"embeddable":true,"href":"https:\/\/defensoriaformosa.gob.ar\/index.php?rest_route=\/wp\/v2\/media\/15752"}],"wp:attachment":[{"href":"https:\/\/defensoriaformosa.gob.ar\/index.php?rest_route=%2Fwp%2Fv2%2Fmedia&parent=15751"}],"wp:term":[{"taxonomy":"category","embeddable":true,"href":"https:\/\/defensoriaformosa.gob.ar\/index.php?rest_route=%2Fwp%2Fv2%2Fcategories&post=15751"},{"taxonomy":"post_tag","embeddable":true,"href":"https:\/\/defensoriaformosa.gob.ar\/index.php?rest_route=%2Fwp%2Fv2%2Ftags&post=15751"}],"curies":[{"name":"wp","href":"https:\/\/api.w.org\/{rel}","templated":true}]}}