{"id":15746,"date":"2024-11-14T18:26:18","date_gmt":"2024-11-14T21:26:18","guid":{"rendered":"https:\/\/defensoriaformosa.gob.ar\/?p=15746"},"modified":"2024-11-14T18:26:18","modified_gmt":"2024-11-14T21:26:18","slug":"la-cidh-rechazo-pedido-del-gobierno-nacional-que-intentaba-dejar-sin-efecto-las-atenciones-y-apoyos-que-reciben-las-personas-desde-la-infacia-hasta-la-vejez","status":"publish","type":"post","link":"https:\/\/defensoriaformosa.gob.ar\/?p=15746","title":{"rendered":"LA CIDH RECHAZO PEDIDO DEL GOBIERNO NACIONAL QUE INTENTABA DEJAR SIN EFECTO LAS ATENCIONES Y APOYOS QUE RECIBEN LAS PERSONAS DESDE LA INFACIA HASTA LA VEJEZ"},"content":{"rendered":"<p><strong>-Estas acciones del Gobierno Nacional, se suman al retiro de la Delegaci\u00f3n Argentina de la Cumbre Clim\u00e1tica de la ONU, en rechazo a la \u201cAgenda 2030\u201d justo en momentos en que el pa\u00eds necesita que, el Estado Nacional se encargue y destine recursos necesarios para mitigar los efectos del cambio clim\u00e1tico que, en el caso de Formosa, est\u00e1 siendo afectada por la bajante del R\u00edo Paraguay, lo que provoca cortes en el servicio de agua potable, consecuencia de la sequ\u00eda en nuestra regi\u00f3n, a lo que se le suman afectaciones a los recursos h\u00eddricos de los R\u00edos Bermejo y Pilcomayo-<\/strong><\/p>\n<p><!--more--><\/p>\n<p>La -Direcci\u00f3n de Derechos Humanos y Grupos Minoritarios- de la Defensor\u00eda del Pueblo de la Provincia de Formosa, resalt\u00f3 la decisi\u00f3n de la Corte Interamericana de Derechos Humanos, de rechazar la solicitud del Gobierno Nacional de Javier Milei, que hab\u00eda mandado en nombre del Estado Argentino, que se retirara la -Opini\u00f3n Consultiva Sobre Cuidados-, es decir, aquellas actividades y atenciones que unas personas le brindan a otras que las necesitan (ni\u00f1as\/os, personas que sufren una enfermedad), para garantizar su bienestar, el cuidado personal, la atenci\u00f3n m\u00e9dica, el apoyo emocional y la asistencia en actividades diarias, entre otros aspectos.<\/p>\n<p>El Ombudsman Provincial, Dr. Jos\u00e9 Leonardo Gialluca, se\u00f1al\u00f3 que, el concepto de \u201ccuidados\u201d abarca la atenci\u00f3n y apoyo que se necesita a lo largo de la vida, desde la infancia hasta la vejez y en momentos de enfermedad o dependencia. En la mayor\u00eda de los casos se trata de trabajo no remunerado. En Argentina, las tareas de cuidado y dom\u00e9sticas no pagas representaron el 16,8% del PBI en 2022, seg\u00fan estimaciones oficiales. Esto significa que es la actividad que m\u00e1s aport\u00f3 al PBI ($17.254.643 millones), seguida por el comercio y la industria.<\/p>\n<p>Sin embargo, los aportes por g\u00e9nero fueron desiguales: en t\u00e9rminos de valorizaci\u00f3n monetaria, las mujeres aportan el 70% ($12.077.305 millones) y los varones, el 30% ($5.177.339 millones). Asimismo, a\u00f1adi\u00f3 que es incomprensible y grave el pedido efectuado por el Gobierno Nacional, toda vez que, una cosa es bajarse de la agenda global que se dirige hacia la redistribuci\u00f3n de los cuidados, que es lo que est\u00e1 haciendo el Estado Nacional con la desarticulaci\u00f3n de programas y pol\u00edticas de cuidado, mientras cada vez m\u00e1s organismos internacionales y m\u00e1s pa\u00edses le dedican espacio en sus agendas de pol\u00edtica p\u00fablica a este tema, pero otra cosa, un paso m\u00e1s todav\u00eda, es tratar de limitar o que retroceda la agenda regional, en perjuicio de los sectores hipervulnerables, especialmente los que existen en nuestro pa\u00eds.<\/p>\n","protected":false},"excerpt":{"rendered":"<p>-Estas acciones del Gobierno Nacional, se suman al retiro de la Delegaci\u00f3n Argentina de la Cumbre Clim\u00e1tica de la ONU, en rechazo a la \u201cAgenda 2030\u201d justo en momentos en que el pa\u00eds necesita que, el Estado Nacional se encargue y destine recursos necesarios para mitigar los efectos del cambio clim\u00e1tico que, en el caso [&hellip;]<\/p>\n","protected":false},"author":1,"featured_media":15747,"comment_status":"closed","ping_status":"closed","sticky":false,"template":"","format":"standard","meta":{"footnotes":""},"categories":[1],"tags":[],"class_list":["post-15746","post","type-post","status-publish","format-standard","has-post-thumbnail","hentry","category-noticias"],"_links":{"self":[{"href":"https:\/\/defensoriaformosa.gob.ar\/index.php?rest_route=\/wp\/v2\/posts\/15746","targetHints":{"allow":["GET"]}}],"collection":[{"href":"https:\/\/defensoriaformosa.gob.ar\/index.php?rest_route=\/wp\/v2\/posts"}],"about":[{"href":"https:\/\/defensoriaformosa.gob.ar\/index.php?rest_route=\/wp\/v2\/types\/post"}],"author":[{"embeddable":true,"href":"https:\/\/defensoriaformosa.gob.ar\/index.php?rest_route=\/wp\/v2\/users\/1"}],"replies":[{"embeddable":true,"href":"https:\/\/defensoriaformosa.gob.ar\/index.php?rest_route=%2Fwp%2Fv2%2Fcomments&post=15746"}],"version-history":[{"count":1,"href":"https:\/\/defensoriaformosa.gob.ar\/index.php?rest_route=\/wp\/v2\/posts\/15746\/revisions"}],"predecessor-version":[{"id":15748,"href":"https:\/\/defensoriaformosa.gob.ar\/index.php?rest_route=\/wp\/v2\/posts\/15746\/revisions\/15748"}],"wp:featuredmedia":[{"embeddable":true,"href":"https:\/\/defensoriaformosa.gob.ar\/index.php?rest_route=\/wp\/v2\/media\/15747"}],"wp:attachment":[{"href":"https:\/\/defensoriaformosa.gob.ar\/index.php?rest_route=%2Fwp%2Fv2%2Fmedia&parent=15746"}],"wp:term":[{"taxonomy":"category","embeddable":true,"href":"https:\/\/defensoriaformosa.gob.ar\/index.php?rest_route=%2Fwp%2Fv2%2Fcategories&post=15746"},{"taxonomy":"post_tag","embeddable":true,"href":"https:\/\/defensoriaformosa.gob.ar\/index.php?rest_route=%2Fwp%2Fv2%2Ftags&post=15746"}],"curies":[{"name":"wp","href":"https:\/\/api.w.org\/{rel}","templated":true}]}}