{"id":15717,"date":"2024-11-04T21:55:07","date_gmt":"2024-11-05T00:55:07","guid":{"rendered":"https:\/\/defensoriaformosa.gob.ar\/?p=15717"},"modified":"2024-11-04T21:55:07","modified_gmt":"2024-11-05T00:55:07","slug":"solicitan-audiencia-con-la-secretaria-de-energia-ante-el-faltante-al-menos-de-2500-mw-para-cubrir-la-demanda-en-estos-proximos-meses","status":"publish","type":"post","link":"https:\/\/defensoriaformosa.gob.ar\/?p=15717","title":{"rendered":"SOLICITAN AUDIENCIA CON LA SECRETARIA DE ENERGIA ANTE EL FALTANTE AL MENOS DE 2500 MW PARA CUBRIR LA DEMANDA EN ESTOS PROXIMOS MESES"},"content":{"rendered":"<p><strong>-Esos 2500 Mw, equivalen al consumo promedio de 3.125.000 hogares de cualquier parte del pa\u00eds en la franja horaria de alto consumo en verano que es de 14 a 24 horas durante olas de calor-<\/strong><\/p>\n<p><!--more--><\/p>\n<p>La Asociaci\u00f3n de Defensores del Pueblo de la Rep\u00fablica Argentina (ADPRA), mediante su Comisi\u00f3n Directiva y en la cual, el Ombudsman Provincial, Dr. Jos\u00e9 Leonardo Gialluca, se desempe\u00f1a como Vicepresidente II, solicitaron a la Secretaria de Energ\u00eda de la Naci\u00f3n, Ing. Mar\u00eda Tettamanti, una Audiencia Informativa, para tratar de manera urgente, varios puntos, que se relacionan a los precios de las tarifas de energ\u00eda el\u00e9ctrica, como as\u00ed tambi\u00e9n, a los posibles cortes, durante este periodo estival, incluy\u00e9ndose la necesaria implementaci\u00f3n de beneficios diferenciales para las Provincias del Norte Grande, como Zonas C\u00e1lidas de la Argentina. Desde el Organismo de la Constituci\u00f3n Provincial, se plantear\u00e1, adem\u00e1s, que de acuerdo con el pron\u00f3stico de precipitaciones y temperatura que estim\u00f3 el Servicio Meteorol\u00f3gico Nacional (SMN) para los meses de octubre, noviembre y diciembre, se advirti\u00f3 que faltar\u00e1n al menos 2.500 Mw para cubrir el pico de demanda energ\u00e9tica que alcanzar\u00e1 los 30.700 Mw. La cantidad de energ\u00eda faltante es el equivalente al consumo de millones de hogares y grandes industrias que ver\u00e1n afectado su suministro, conforme datos revelados por la Fundaci\u00f3n Encuentro. Se a\u00f1adi\u00f3 que, el faltante, para dimensionar el impacto equivale al consumo promedio de 3.125.000 hogares de cualquier parte del pa\u00eds en la franja horaria de alto consumo en verano que es de 14 a 24 horas durante olas de calor. Entre las causas se destaca la insuficiente infraestructura; principalmente originado en que el Gasoducto N\u00e9stor Kirchner (GPNK) operar\u00e1 a media capacidad y se ha cancelado la licitaci\u00f3n de 3,000 MW t\u00e9rmicos que podr\u00edan haber cubierto parte de la demanda.<\/p>\n<p>&nbsp;<\/p>\n<p style=\"text-align: center;\"><strong>VUELVE EL PROGRAMA HOGAR QUE SUBSIDIA A LOS HOGARES SIN CONEXI\u00d3N A LA RED DE GAS NATURAL<\/strong><\/p>\n<p>Luego de que fuera suspendido, el Gobierno Nacional a trav\u00e9s de la Secretaria de Energ\u00eda y la ANSES, anunciaron que retornar\u00e1n los pagos de este programa que subsidia el gas envasado, cobr\u00e1ndose retroactivamente hasta abril de este a\u00f1o. Desde la Defensor\u00eda del Pueblo, se record\u00f3 que, el Plan Hogar es un subsidio enfocado en las familias que no tienen acceso a la red de gas natural, proporcion\u00e1ndoles un apoyo econ\u00f3mico para adquirir garrafas a un precio m\u00e1s accesible. Estos fondos se acreditan directamente en una cuenta a nombre del beneficiario. Se se\u00f1al\u00f3 que, la acreditaci\u00f3n ser\u00e1 para quienes solicitaron el beneficio antes de abril pasado y les fue otorgado. Sobre el monto a cobrar, se estima que ser\u00e1 cerca de $16.000 o $13.000, seg\u00fan el caso, pero esto a\u00fan no est\u00e1 confirmado. El esquema de pagos establecido por ANSES para noviembre de 2024 est\u00e1 organizado de acuerdo con la terminaci\u00f3n del Documento Nacional de Identidad (DNI) de los titulares, inici\u00e1ndose el 8 de noviembre los que culminan en 0, hasta el 22 del mismo mes con DNI terminaci\u00f3n en 9. El Ombudsman Provincial, ofreci\u00f3 a todos los interesados que necesiten consultar su alta en el Programa Hogar o ser inscriptos, concurrir a la Sede de la Instituci\u00f3n, donde ser\u00e1n atendidos gratuitamente, inform\u00e1ndoseles, adem\u00e1s, que poseen la opci\u00f3n de ingresar al portal Mi Anses con su Clave de la Seguridad Social. Una vez dentro del portal de ANSES, deben dirigirse a la secci\u00f3n \u00abCobros\u00bb y seleccionar \u00abConsultar fecha y medio de cobro\u00bb para confirmar si tienen una fecha asignada y el m\u00e9todo de acreditaci\u00f3n.<\/p>\n<p>&nbsp;<\/p>\n","protected":false},"excerpt":{"rendered":"<p>-Esos 2500 Mw, equivalen al consumo promedio de 3.125.000 hogares de cualquier parte del pa\u00eds en la franja horaria de alto consumo en verano que es de 14 a 24 horas durante olas de calor-<\/p>\n","protected":false},"author":1,"featured_media":15718,"comment_status":"closed","ping_status":"closed","sticky":false,"template":"","format":"standard","meta":{"footnotes":""},"categories":[1],"tags":[],"class_list":["post-15717","post","type-post","status-publish","format-standard","has-post-thumbnail","hentry","category-noticias"],"_links":{"self":[{"href":"https:\/\/defensoriaformosa.gob.ar\/index.php?rest_route=\/wp\/v2\/posts\/15717","targetHints":{"allow":["GET"]}}],"collection":[{"href":"https:\/\/defensoriaformosa.gob.ar\/index.php?rest_route=\/wp\/v2\/posts"}],"about":[{"href":"https:\/\/defensoriaformosa.gob.ar\/index.php?rest_route=\/wp\/v2\/types\/post"}],"author":[{"embeddable":true,"href":"https:\/\/defensoriaformosa.gob.ar\/index.php?rest_route=\/wp\/v2\/users\/1"}],"replies":[{"embeddable":true,"href":"https:\/\/defensoriaformosa.gob.ar\/index.php?rest_route=%2Fwp%2Fv2%2Fcomments&post=15717"}],"version-history":[{"count":1,"href":"https:\/\/defensoriaformosa.gob.ar\/index.php?rest_route=\/wp\/v2\/posts\/15717\/revisions"}],"predecessor-version":[{"id":15719,"href":"https:\/\/defensoriaformosa.gob.ar\/index.php?rest_route=\/wp\/v2\/posts\/15717\/revisions\/15719"}],"wp:featuredmedia":[{"embeddable":true,"href":"https:\/\/defensoriaformosa.gob.ar\/index.php?rest_route=\/wp\/v2\/media\/15718"}],"wp:attachment":[{"href":"https:\/\/defensoriaformosa.gob.ar\/index.php?rest_route=%2Fwp%2Fv2%2Fmedia&parent=15717"}],"wp:term":[{"taxonomy":"category","embeddable":true,"href":"https:\/\/defensoriaformosa.gob.ar\/index.php?rest_route=%2Fwp%2Fv2%2Fcategories&post=15717"},{"taxonomy":"post_tag","embeddable":true,"href":"https:\/\/defensoriaformosa.gob.ar\/index.php?rest_route=%2Fwp%2Fv2%2Ftags&post=15717"}],"curies":[{"name":"wp","href":"https:\/\/api.w.org\/{rel}","templated":true}]}}