{"id":15711,"date":"2024-11-02T23:42:08","date_gmt":"2024-11-03T02:42:08","guid":{"rendered":"https:\/\/defensoriaformosa.gob.ar\/?p=15711"},"modified":"2024-11-03T23:51:21","modified_gmt":"2024-11-04T02:51:21","slug":"exponen-en-foro-internacional-la-necesidad-de-proteger-al-rio-paraguay-de-las-grandes-empresas-arroceras-que-agravan-la-actual-crisis-hidrica","status":"publish","type":"post","link":"https:\/\/defensoriaformosa.gob.ar\/?p=15711","title":{"rendered":"EXPONEN EN FORO INTERNACIONAL LA NECESIDAD DE PROTEGER AL RIO PARAGUAY DE LAS GRANDES EMPRESAS ARROCERAS QUE AGRAVAN LA ACTUAL CRISIS HIDRICA"},"content":{"rendered":"<p><strong>-El mismo alcanz\u00f3 este viernes 1 de noviembre del 2024, -1,60 metros de nivel, lo que refiere un nuevo r\u00e9cord de m\u00ednima hist\u00f3rica, seg\u00fan la Administraci\u00f3n Nacional de Navegaci\u00f3n y Puertos (ANNP) de Asunci\u00f3n. En Formosa, la Prefectura Naval Argentina inform\u00f3 que se encuentra sin escala hidrom\u00e9trica tras haber alcanzado una marca de 0,25 cent\u00edmetros, lo que est\u00e1 originando complicaciones en el abastecimiento de agua y ya genera, adem\u00e1s, inconvenientes en represas hidroel\u00e9ctricas, afectando tanto a la Argentina, como al Paraguay. Las lluvias en nuestra cuenca no revertir\u00e1n la in\u00e9dita bajante en nuestra Provincia-<\/strong><\/p>\n<p><!--more--><\/p>\n<p>El Defensor del Pueblo de la Provincia de Formosa, Dr. Jos\u00e9 Leonardo Gialluca, particip\u00f3 esta semana en Asunci\u00f3n del Paraguay de la XXIX Asamblea de la Federaci\u00f3n Iberoam\u00e9rica del Ombudsperson (F\u00cdO), que es presidida por el Defensor del Pueblo del Paraguay, Rafael \u00c1vila Macke, integrada por 22 pa\u00edses de Iberoam\u00e9rica, m\u00e1s Espa\u00f1a, Portugal y Andorra, existiendo tres pa\u00edses -Espa\u00f1a, M\u00e9xico y Argentina- que poseen defensor\u00edas subnacionales (provinciales, municipales, auton\u00f3micas y estaduales), por lo que, la F\u00cdO est\u00e1 integrada por un centenar de oficinas ombudsman que reciben distintos nombres, ya sean Defensor\u00edas, Procuradur\u00edas o Comisionados, entre otros.<\/p>\n<p>En esta ocasi\u00f3n, se dio ingreso al Yuan de Control de Taiw\u00e1n como miembro extra regional en la persona de Wen-cheng Lin de la Rep\u00fablica China, quienes emitieron una declaraci\u00f3n de respaldo al Defensor del Pueblo de Bolivia, Sr. Pedro Callisaya Aro, por los hechos que son de p\u00fablico conocimiento y mantienen convulsionado a ese pa\u00eds. Durante la sesi\u00f3n de la -Red de Defensor\u00edas para la Protecci\u00f3n del Medioambiente-, Gialluca present\u00f3 al Director Internacional de Medioambiente y Bienestar Social de la Defensor\u00eda del Pueblo del Paraguay, Ing. Giuliano Cariboni, los antecedentes que revelan c\u00f3mo la Cuenca del R\u00edo Paraguay compartida con Brasil, Bolivia y Paraguay, llamada -Hoya Hidrogr\u00e1fica del Plata- que en Territorio Argentino se encuentra localizada en la Provincia de Formosa, ocupando una superficie de 2.296 km2, constituy\u00e9ndose en una de las cuatro Subcuencas que conforman la Cuenca del Plata, siendo las otras la del Paran\u00e1, Paraguay, Uruguay y la propia del R\u00edo de la Plata, constituy\u00e9ndose la misma por su extensi\u00f3n geogr\u00e1fica y por el caudal de sus r\u00edos, en una de las m\u00e1s importantes del mundo y que \u201cest\u00e1 siendo afectada gravemente por el avance de las grandes empresas dedicadas a los agronegocios, principalmente al cultivo de arroz, a trav\u00e9s de grandes canalizaciones abiertas para extraer aguas del R\u00edo Paraguay, lo que est\u00e1 causando un impacto ambiental negativo; a lo que se le suma el\u00a0 descenso hist\u00f3rico de este R\u00edo Internacional, complicando el abastecimiento de agua para consumo humano y afectando adem\u00e1s, a las represas hidroel\u00e9ctricas que ven disminuida su capacidad de generaci\u00f3n, lo que origina problemas de suministro de energ\u00eda el\u00e9ctrica, tanto para la Argentina, como para el Paraguay y que al no ser esta problem\u00e1tica -atendido por la Secretaria de Turismo, Ambiente y Deportes a cargo de Daniel Scioli, menos a\u00fan por nuestra Canciller\u00eda, pese a los pedidos de intervenci\u00f3n-, apostamos, a las gestiones y acciones de la Federaci\u00f3n Iberoamericana del Ombudsman\u201d. En este contexto, Gialluca destac\u00f3 la aprobaci\u00f3n de una Resoluci\u00f3n por el Congreso del Paraguay, mediante el cual, se solicit\u00f3 informes al Ministerio de Ambiente y Desarrollo Sostenible, tras las denuncias a las arroceras ubicadas en el Departamento de \u00d1eembuc\u00fa: zonas de Alberdi, Villa Oliva y Villa Franca, que pretenden conectar el Distrito de Caapuc\u00fa con la Localidad de Alberdi, construyendo de esta manera, \u201cla ruta del arroz\u201d, como as\u00ed tambi\u00e9n, a las existentes en los Departamentos de San Pedro y de Paraguar\u00ed, con la cual, se afectar\u00e1 a\u00fan m\u00e1s a este curso h\u00eddrico internacional, el que producto de la fuerte sequ\u00eda en la Amazon\u00eda y el Pantanal Brasile\u00f1o, posee hoy los niveles de agua m\u00e1s bajos de este siglo, afectando a millones de personas, como as\u00ed tambi\u00e9n, al transporte fluvial.<\/p>\n","protected":false},"excerpt":{"rendered":"<p>-El mismo alcanz\u00f3 este viernes 1 de noviembre del 2024, -1,60 metros de nivel, lo que refiere un nuevo r\u00e9cord de m\u00ednima hist\u00f3rica, seg\u00fan la Administraci\u00f3n Nacional de Navegaci\u00f3n y Puertos (ANNP) de Asunci\u00f3n. En Formosa, la Prefectura Naval Argentina inform\u00f3 que se encuentra sin escala hidrom\u00e9trica tras haber alcanzado una marca de 0,25 cent\u00edmetros, [&hellip;]<\/p>\n","protected":false},"author":1,"featured_media":15712,"comment_status":"closed","ping_status":"closed","sticky":false,"template":"","format":"standard","meta":{"footnotes":""},"categories":[1],"tags":[],"class_list":["post-15711","post","type-post","status-publish","format-standard","has-post-thumbnail","hentry","category-noticias"],"_links":{"self":[{"href":"https:\/\/defensoriaformosa.gob.ar\/index.php?rest_route=\/wp\/v2\/posts\/15711","targetHints":{"allow":["GET"]}}],"collection":[{"href":"https:\/\/defensoriaformosa.gob.ar\/index.php?rest_route=\/wp\/v2\/posts"}],"about":[{"href":"https:\/\/defensoriaformosa.gob.ar\/index.php?rest_route=\/wp\/v2\/types\/post"}],"author":[{"embeddable":true,"href":"https:\/\/defensoriaformosa.gob.ar\/index.php?rest_route=\/wp\/v2\/users\/1"}],"replies":[{"embeddable":true,"href":"https:\/\/defensoriaformosa.gob.ar\/index.php?rest_route=%2Fwp%2Fv2%2Fcomments&post=15711"}],"version-history":[{"count":1,"href":"https:\/\/defensoriaformosa.gob.ar\/index.php?rest_route=\/wp\/v2\/posts\/15711\/revisions"}],"predecessor-version":[{"id":15713,"href":"https:\/\/defensoriaformosa.gob.ar\/index.php?rest_route=\/wp\/v2\/posts\/15711\/revisions\/15713"}],"wp:featuredmedia":[{"embeddable":true,"href":"https:\/\/defensoriaformosa.gob.ar\/index.php?rest_route=\/wp\/v2\/media\/15712"}],"wp:attachment":[{"href":"https:\/\/defensoriaformosa.gob.ar\/index.php?rest_route=%2Fwp%2Fv2%2Fmedia&parent=15711"}],"wp:term":[{"taxonomy":"category","embeddable":true,"href":"https:\/\/defensoriaformosa.gob.ar\/index.php?rest_route=%2Fwp%2Fv2%2Fcategories&post=15711"},{"taxonomy":"post_tag","embeddable":true,"href":"https:\/\/defensoriaformosa.gob.ar\/index.php?rest_route=%2Fwp%2Fv2%2Ftags&post=15711"}],"curies":[{"name":"wp","href":"https:\/\/api.w.org\/{rel}","templated":true}]}}