{"id":15701,"date":"2024-10-28T17:37:08","date_gmt":"2024-10-28T20:37:08","guid":{"rendered":"https:\/\/defensoriaformosa.gob.ar\/?p=15701"},"modified":"2024-10-28T17:37:08","modified_gmt":"2024-10-28T20:37:08","slug":"defensores-del-pueblo-solicitan-que-la-privatizacion-y-reestructuracion-del-belgrano-cargas-sea-debatido-en-el-congreso-nacional","status":"publish","type":"post","link":"https:\/\/defensoriaformosa.gob.ar\/?p=15701","title":{"rendered":"DEFENSORES DEL PUEBLO SOLICITAN QUE LA PRIVATIZACION Y REESTRUCTURACION DEL BELGRANO CARGAS SEA DEBATIDO EN EL CONGRESO NACIONAL"},"content":{"rendered":"<p><strong>-Solicitaron a las Autoridades Nacionales, poner en primer lugar, el bienestar de las comunidades y el potencial de desarrollo que esta infraestructura ferroviaria puede ofrecer, proceso que demanda, no solo consultas abiertas, sino tambi\u00e9n, compromisos claros y a largo plazo-<\/strong><\/p>\n<p><!--more--><\/p>\n<p>Los Defensores del Pueblo de todo el Pa\u00eds nucleados en ADPRA, denunciaron como alarmante la falta de claridad y transparencia respecto a las pol\u00edticas de privatizaci\u00f3n y reestructuraci\u00f3n del Belgrano Cargas, que afectar\u00e1 profundamente a las regiones del Norte Argentino. Consideraron que el futuro de esta empresa se constituye una cuesti\u00f3n en una crucial para el desarrollo y la integraci\u00f3n del Norte Argentino, representando esta l\u00ednea ferroviaria, no solo un medio de transporte para mercanc\u00edas, sino una infraestructura clave, para reducir las asimetr\u00edas regionales y fomentar el crecimiento econ\u00f3mico en una de las \u00e1reas hist\u00f3ricamente m\u00e1s postergadas de la Argentina.<\/p>\n<p>Es por ello que, consideraron y resolvieron que, las decisiones que se toman por parte del Gobierno Nacional respecto al Belgrano Cargas, \u201cdeben ser necesariamente debatidas de manera amplia y democr\u00e1ticamente, con la intervenci\u00f3n necesaria del Congreso de la Naci\u00f3n, \u00e1mbito donde se deber\u00e1 discutir un plan de desarrollo ferroviario integral, que contemple las necesidades espec\u00edficas del Norte Argentino y garantice la sostenibilidad del servicio\u201d.<\/p>\n<p>En consecuencia, desde la Defensor\u00eda del Pueblo de la Provincia de Formosa, se solicit\u00f3 al Ministro de Econom\u00eda, Lic. Luis Andr\u00e9s Caputo, como as\u00ed tambi\u00e9n al Secretario de Transporte, Dr. Franco Mogetta, al Subsecretario de Transporte Ferroviario, Mart\u00edn Gabriel Ferreiro y al Ministro de Desregulaci\u00f3n y Transformaci\u00f3n del Estado, Dr. Federico Sturzenegger, \u201cque todas las decisiones que se vayan a adoptar en relaci\u00f3n al Belgrano Cargas, no sean adoptadas unilateralmente por el Ejecutivo Nacional, debi\u00e9ndose dar participaci\u00f3n necesaria al Congreso de la Naci\u00f3n, a las Provincias involucradas, entidades intermedias, empresarios y ciudadanos, que hist\u00f3ricamente apostaron desde las regiones del NEA y NOA al mantenimiento de una infraestructura ferroviaria como medio de integraci\u00f3n a la cadena log\u00edstica nacional e internacional\u201d.<\/p>\n<p>El Ombudsman Provincial, Dr. Jos\u00e9 Leonardo Gialluca, se\u00f1al\u00f3 que, el Belgrano Cargas, con sus 7.600 kil\u00f3metros de extensi\u00f3n, ha sido hist\u00f3ricamente una arteria vital para el transporte de productos diversos desde las regiones del NEA y NOA hacia los puertos de exportaci\u00f3n, por lo que, una concesi\u00f3n tan extensa a un solo operador generar\u00e1 una situaci\u00f3n de monopolio, lo que limitar\u00e1 la competencia y llevar\u00e1 a un aumento de las tarifas, discriminando a los sectores m\u00e1s postergados, afectando gravemente la competitividad de los productores del Norte Argentino, siendo tambi\u00e9n necesario, establecer espec\u00edficos mecanismos de control de manera tal que esta empresa, vuelva a conectarnos a los formose\u00f1os con la Red Ferroviaria Nacional.<\/p>\n<p>En este sentido, es ineludible la participaci\u00f3n de la sociedad civil y adem\u00e1s implementar medidas que garanticen los beneficios que se extiendan, tanto a los productores, como a los consumidores, evitando una privatizaci\u00f3n o reestructuraci\u00f3n inadecuada como la que se impulsa bajo el pretexto de una apuesta a la eficiencia de la gesti\u00f3n privada de una empresa que, en el actual contexto econ\u00f3mico, social y pol\u00edtico, no incluir\u00e1 a nuestro territorio.<\/p>\n","protected":false},"excerpt":{"rendered":"<p>-Solicitaron a las Autoridades Nacionales, poner en primer lugar, el bienestar de las comunidades y el potencial de desarrollo que esta infraestructura ferroviaria puede ofrecer, proceso que demanda, no solo consultas abiertas, sino tambi\u00e9n, compromisos claros y a largo plazo-<\/p>\n","protected":false},"author":1,"featured_media":15702,"comment_status":"closed","ping_status":"closed","sticky":false,"template":"","format":"standard","meta":{"footnotes":""},"categories":[1],"tags":[],"class_list":["post-15701","post","type-post","status-publish","format-standard","has-post-thumbnail","hentry","category-noticias"],"_links":{"self":[{"href":"https:\/\/defensoriaformosa.gob.ar\/index.php?rest_route=\/wp\/v2\/posts\/15701","targetHints":{"allow":["GET"]}}],"collection":[{"href":"https:\/\/defensoriaformosa.gob.ar\/index.php?rest_route=\/wp\/v2\/posts"}],"about":[{"href":"https:\/\/defensoriaformosa.gob.ar\/index.php?rest_route=\/wp\/v2\/types\/post"}],"author":[{"embeddable":true,"href":"https:\/\/defensoriaformosa.gob.ar\/index.php?rest_route=\/wp\/v2\/users\/1"}],"replies":[{"embeddable":true,"href":"https:\/\/defensoriaformosa.gob.ar\/index.php?rest_route=%2Fwp%2Fv2%2Fcomments&post=15701"}],"version-history":[{"count":1,"href":"https:\/\/defensoriaformosa.gob.ar\/index.php?rest_route=\/wp\/v2\/posts\/15701\/revisions"}],"predecessor-version":[{"id":15703,"href":"https:\/\/defensoriaformosa.gob.ar\/index.php?rest_route=\/wp\/v2\/posts\/15701\/revisions\/15703"}],"wp:featuredmedia":[{"embeddable":true,"href":"https:\/\/defensoriaformosa.gob.ar\/index.php?rest_route=\/wp\/v2\/media\/15702"}],"wp:attachment":[{"href":"https:\/\/defensoriaformosa.gob.ar\/index.php?rest_route=%2Fwp%2Fv2%2Fmedia&parent=15701"}],"wp:term":[{"taxonomy":"category","embeddable":true,"href":"https:\/\/defensoriaformosa.gob.ar\/index.php?rest_route=%2Fwp%2Fv2%2Fcategories&post=15701"},{"taxonomy":"post_tag","embeddable":true,"href":"https:\/\/defensoriaformosa.gob.ar\/index.php?rest_route=%2Fwp%2Fv2%2Ftags&post=15701"}],"curies":[{"name":"wp","href":"https:\/\/api.w.org\/{rel}","templated":true}]}}