{"id":15698,"date":"2024-10-28T17:33:19","date_gmt":"2024-10-28T20:33:19","guid":{"rendered":"https:\/\/defensoriaformosa.gob.ar\/?p=15698"},"modified":"2024-10-28T17:33:19","modified_gmt":"2024-10-28T20:33:19","slug":"el-periodismo-nacional-exhibe-una-tendencia-clara-a-falsear-y-distorsionar-la-realidad-de-formosa-y-del-interior-de-la-argentina","status":"publish","type":"post","link":"https:\/\/defensoriaformosa.gob.ar\/?p=15698","title":{"rendered":"EL PERIODISMO NACIONAL EXHIBE UNA TENDENCIA CLARA A FALSEAR Y DISTORSIONAR  LA REALIDAD DE FORMOSA Y DEL INTERIOR DE LA ARGENTINA"},"content":{"rendered":"<p><strong>Como si fueran los \u201c\u00fanicos due\u00f1os de la verdad real \u201c, el periodismo Nacional, afirma sin fundamento alguno que: \u201cFormosa no brota a la democracia, no se libera hasta ahora, del feudalismo ni del terror\u201d.<\/strong><\/p>\n<p><!--more--><\/p>\n<p>Esto obviamente es no solo utilizado, sino tambi\u00e9n apoyado por determinados sectores pol\u00edticos, \u201cque entienden absurdamente que para llegar a los estratos de los poderes p\u00fablicos provinciales o municipales, deben contar con la venia del poder central y con los medios de comunicaci\u00f3n concentrados, ignorando o desinteres\u00e1ndose de lo que piensa, quiere y siente el o la ciudadan\u00eda con derecho a voto en nuestro territorio\u201d. Desde la Defensor\u00eda del Pueblo de la Provincia, se denunci\u00f3 que, en la Argentina, no hay concentraci\u00f3n m\u00e1s fuerte en t\u00e9rminos federales, que la que observamos en este siglo XXI, en materia comunicacional.<\/p>\n<p>Son estos los que construyen agenda, debates e imponen ideas, con el agravante que ning\u00fan medio del interior trasciende su territorio e incide en la agenda nacional. En este camino, se pierde la realidad y la verdad de lo que vivimos y se pone en riesgo el derecho a la informaci\u00f3n, sucede entonces que se sobreinforma al pa\u00eds sobre CABA y se desinforma sobre el interior. Deber\u00edamos remontarnos a la \u00e9poca de la Confederaci\u00f3n Argentina, cuando Justo Jos\u00e9 de Urquiza, apoyaba que el periodismo de las provincias y los medios de comunicaci\u00f3n tuvieron incidencia nacional. Esta hegemon\u00eda de los medios nacionales, termina profundizando las desigualdades regionales, tanto, a nivel social, econ\u00f3mico, cultural, social y pol\u00edtico. Los comunicadores y medios nacionales, solo se ocupan de Formosa y del Interior Provincial, cuando pueden mostrar una tragedia o algo ex\u00f3tico o que les llame la atenci\u00f3n, como si \u201cfu\u00e9ramos realmente formobichos cuyo ADN tiene que ser desentra\u00f1ado por ser distintos siendo que somos tan argentinos como los que viven en la gran manzana argentina\u201d.<\/p>\n<p>Esto se ha acentuado en los \u00faltimos d\u00edas, a partir de un proyecto de reforma constitucional, a lo que se le suman versiones de diversos hechos abordados, obviamente, con una mirada centrista, que en ocasiones entendemos, no lo hacen con mala fe sino por una profunda ignorancia de nuestra historia e idiosincrasia. El inter\u00e9s de la prensa nacional no parece perseguir objetivos nobles llevando informaci\u00f3n sino realizando una construcci\u00f3n o un relato con clara tendencia a privar a la poblaci\u00f3n del acceso a la informaci\u00f3n veraz que implique un examen serio de la realidad de la Provincia.<\/p>\n<p>Ello claramente produce una burbuja que impide a la CABA y a las dem\u00e1s provincias conectarse con la realidad y con las expresiones de deseos de los ciudadanos formose\u00f1os. El derecho a informar est\u00e1 ligado a la responsabilidad de describir la realidad que perciben o de lo que pueda ser constatado y no nutrirse de diatribas vacuas pues ello perjudica gravemente el derecho a estar informado del que no solo gozan los habitantes de la provincia sino tambi\u00e9n los dem\u00e1s ciudadanos del pa\u00eds.<\/p>\n<p>&nbsp;<\/p>\n","protected":false},"excerpt":{"rendered":"<p>Como si fueran los \u201c\u00fanicos due\u00f1os de la verdad real \u201c, el periodismo Nacional, afirma sin fundamento alguno que: \u201cFormosa no brota a la democracia, no se libera hasta ahora, del feudalismo ni del terror\u201d.<\/p>\n","protected":false},"author":1,"featured_media":15699,"comment_status":"closed","ping_status":"closed","sticky":false,"template":"","format":"standard","meta":{"footnotes":""},"categories":[1],"tags":[],"class_list":["post-15698","post","type-post","status-publish","format-standard","has-post-thumbnail","hentry","category-noticias"],"_links":{"self":[{"href":"https:\/\/defensoriaformosa.gob.ar\/index.php?rest_route=\/wp\/v2\/posts\/15698","targetHints":{"allow":["GET"]}}],"collection":[{"href":"https:\/\/defensoriaformosa.gob.ar\/index.php?rest_route=\/wp\/v2\/posts"}],"about":[{"href":"https:\/\/defensoriaformosa.gob.ar\/index.php?rest_route=\/wp\/v2\/types\/post"}],"author":[{"embeddable":true,"href":"https:\/\/defensoriaformosa.gob.ar\/index.php?rest_route=\/wp\/v2\/users\/1"}],"replies":[{"embeddable":true,"href":"https:\/\/defensoriaformosa.gob.ar\/index.php?rest_route=%2Fwp%2Fv2%2Fcomments&post=15698"}],"version-history":[{"count":1,"href":"https:\/\/defensoriaformosa.gob.ar\/index.php?rest_route=\/wp\/v2\/posts\/15698\/revisions"}],"predecessor-version":[{"id":15700,"href":"https:\/\/defensoriaformosa.gob.ar\/index.php?rest_route=\/wp\/v2\/posts\/15698\/revisions\/15700"}],"wp:featuredmedia":[{"embeddable":true,"href":"https:\/\/defensoriaformosa.gob.ar\/index.php?rest_route=\/wp\/v2\/media\/15699"}],"wp:attachment":[{"href":"https:\/\/defensoriaformosa.gob.ar\/index.php?rest_route=%2Fwp%2Fv2%2Fmedia&parent=15698"}],"wp:term":[{"taxonomy":"category","embeddable":true,"href":"https:\/\/defensoriaformosa.gob.ar\/index.php?rest_route=%2Fwp%2Fv2%2Fcategories&post=15698"},{"taxonomy":"post_tag","embeddable":true,"href":"https:\/\/defensoriaformosa.gob.ar\/index.php?rest_route=%2Fwp%2Fv2%2Ftags&post=15698"}],"curies":[{"name":"wp","href":"https:\/\/api.w.org\/{rel}","templated":true}]}}