{"id":15694,"date":"2024-10-25T15:11:45","date_gmt":"2024-10-25T18:11:45","guid":{"rendered":"https:\/\/defensoriaformosa.gob.ar\/?p=15694"},"modified":"2024-10-26T15:15:08","modified_gmt":"2024-10-26T18:15:08","slug":"no-existe-a-la-fecha-ninguna-causa-ni-motivos-para-solicitar-la-intervencion-de-la-provincia-de-formosa","status":"publish","type":"post","link":"https:\/\/defensoriaformosa.gob.ar\/?p=15694","title":{"rendered":"NO EXISTE A LA FECHA NINGUNA CAUSA NI MOTIVOS PARA SOLICITAR LA INTERVENCION DE LA PROVINCIA DE FORMOSA"},"content":{"rendered":"<p><strong>-Gialluca se\u00f1al\u00f3 que, el actual Proyecto de Ley Reglamentaria de la Intervenci\u00f3n Federal, dispone claramente que el Gobierno Nacional podr\u00e1 intervenir las Provincias y a la Ciudad Aut\u00f3noma de Buenos Aires con sujeci\u00f3n a las prescripciones de la misma, siendo que, en su Art. 5 prescribe claramente que: \u201cLa intervenci\u00f3n federal ser\u00e1 dispuesta por Ley del Congreso de la Naci\u00f3n y el Art. 6 prev\u00e9 cuando el mismo estuviera en receso y existieran fundadas razones de necesidad y urgencia, el PEN podr\u00e1 disponer la intervenci\u00f3n federal convocando simult\u00e1neamente al Congreso de la Naci\u00f3n para que apruebe o revoque la medida adoptada, en el mismo sentido, el Art. 7 se\u00f1ala que, si el Cuerpo Legislativo no ratifica la intervenci\u00f3n decretada por el PEN, la medida quedar\u00e1 sin efecto\u201d-<\/strong><\/p>\n<p><!--more--><\/p>\n<p>Ante el pedido de intervenci\u00f3n a la Provincia de Formosa por parte del Senador Nacional Francisco Paoltroni, quien solicit\u00f3 este viernes 25 de octubre al Presidente Javier Milei que proceda a intervenir Formosa a trav\u00e9s de un Decreto, desde la Defensor\u00eda del Pueblo, \u201cse\u00f1alaron que no deja de sorprendernos la profunda ignorancia, desconocimiento y malicia que posee dicho representante, toda vez que la C.N. en su Art. 6 prev\u00e9 que el Gobierno Federal interviene en el territorio de las provincias para garantir la forma republicana de gobierno, o repeler invasiones exteriores, y a requisici\u00f3n de sus autoridades constituidas para sostenerlas o restablecerlas, si<\/p>\n<p>hubiesen sido depuestas por la sedici\u00f3n, o por invasi\u00f3n de otra provincia\u201d; constituy\u00e9ndose este pedido, en una amenaza m\u00e1s, que se suma a la de inicio de este a\u00f1o, en relaci\u00f3n a la Provincia de La Rioja. El Ombudsman Provincial, Dr. Jos\u00e9 Leonardo Gialluca, record\u00f3 que, con la vuelta de la democracia, el Dr. Ra\u00fal Alfons\u00edn no intervino ninguna provincia, esta pr\u00e1ctica reapareci\u00f3 con el Dr. Carlos Menem, a comienzos de 1991 disponiendo la intervenci\u00f3n de dos provincias norte\u00f1as, gobernadas por el peronismo, Tucum\u00e1n, Catamarca y luego Corrientes a ra\u00edz del conflicto por las elecciones de 1991, con Colegio Electoral, que no dirim\u00eda al gobernador electo, enviando Menem, sucesivamente, a Francisco Dura\u00f1ona y Vedia, Claudia Bello e Ideler Tonelli, crisis que se resolvi\u00f3 en 1993. En diciembre de 1999, reci\u00e9n asumido Fernando de la R\u00faa, se produjo la represi\u00f3n de Gendarmer\u00eda en el puente General Belgrano que dej\u00f3 dos muertos y se env\u00eda como interventor a Ram\u00f3n Mestre, luego lo reemplaz\u00f3 Oscar Aguad, convocando a elecciones y entrega el poder en octubre de 2001. Santiago del Estero fue intervenida en 1993, normaliz\u00e1ndose esta situaci\u00f3n reci\u00e9n en el 2005.<\/p>\n<p>Con ello, \u201cobservamos que la historia de las intervenciones federales en nuestro pa\u00eds, es la historia de los desencuentros entre Naci\u00f3n y las Provincias\u201d, pues durante los 123 a\u00f1os transcurridos entre 1853 y 1876 se ordenaron 174 intervenciones provinciales, cometi\u00e9ndose un grave abuso por parte de los gobiernos centrales, por ello, la CSJN ha tomado nota de estos hechos y en el caso \u201cOrfila\u201d, se pronunci\u00f3 en que el poder de intervenci\u00f3n est\u00e1 conferido al Congreso de la Naci\u00f3n, as\u00ed luego de la reforma de 1994, se estableci\u00f3 en el Art. 75 Inc. 30, 31 y Concordantes de la Constituci\u00f3n Nacional, que la intervenci\u00f3n es una Atribuci\u00f3n del Congreso Federal y por ello es que el Gobierno Nacional debe abstenerse de utilizarlo con fines pol\u00edticos o partidarios, por lo que, en nuestra provincia no existe, \u201cmotivo o causa alguna para que sea intervenida\u201d.<\/p>\n","protected":false},"excerpt":{"rendered":"<p>-Gialluca se\u00f1al\u00f3 que, el actual Proyecto de Ley Reglamentaria de la Intervenci\u00f3n Federal, dispone claramente que el Gobierno Nacional podr\u00e1 intervenir las Provincias y a la Ciudad Aut\u00f3noma de Buenos Aires con sujeci\u00f3n a las prescripciones de la misma, siendo que, en su Art. 5 prescribe claramente que: \u201cLa intervenci\u00f3n federal ser\u00e1 dispuesta por Ley [&hellip;]<\/p>\n","protected":false},"author":1,"featured_media":15695,"comment_status":"closed","ping_status":"closed","sticky":false,"template":"","format":"standard","meta":{"footnotes":""},"categories":[1],"tags":[],"class_list":["post-15694","post","type-post","status-publish","format-standard","has-post-thumbnail","hentry","category-noticias"],"_links":{"self":[{"href":"https:\/\/defensoriaformosa.gob.ar\/index.php?rest_route=\/wp\/v2\/posts\/15694","targetHints":{"allow":["GET"]}}],"collection":[{"href":"https:\/\/defensoriaformosa.gob.ar\/index.php?rest_route=\/wp\/v2\/posts"}],"about":[{"href":"https:\/\/defensoriaformosa.gob.ar\/index.php?rest_route=\/wp\/v2\/types\/post"}],"author":[{"embeddable":true,"href":"https:\/\/defensoriaformosa.gob.ar\/index.php?rest_route=\/wp\/v2\/users\/1"}],"replies":[{"embeddable":true,"href":"https:\/\/defensoriaformosa.gob.ar\/index.php?rest_route=%2Fwp%2Fv2%2Fcomments&post=15694"}],"version-history":[{"count":1,"href":"https:\/\/defensoriaformosa.gob.ar\/index.php?rest_route=\/wp\/v2\/posts\/15694\/revisions"}],"predecessor-version":[{"id":15696,"href":"https:\/\/defensoriaformosa.gob.ar\/index.php?rest_route=\/wp\/v2\/posts\/15694\/revisions\/15696"}],"wp:featuredmedia":[{"embeddable":true,"href":"https:\/\/defensoriaformosa.gob.ar\/index.php?rest_route=\/wp\/v2\/media\/15695"}],"wp:attachment":[{"href":"https:\/\/defensoriaformosa.gob.ar\/index.php?rest_route=%2Fwp%2Fv2%2Fmedia&parent=15694"}],"wp:term":[{"taxonomy":"category","embeddable":true,"href":"https:\/\/defensoriaformosa.gob.ar\/index.php?rest_route=%2Fwp%2Fv2%2Fcategories&post=15694"},{"taxonomy":"post_tag","embeddable":true,"href":"https:\/\/defensoriaformosa.gob.ar\/index.php?rest_route=%2Fwp%2Fv2%2Ftags&post=15694"}],"curies":[{"name":"wp","href":"https:\/\/api.w.org\/{rel}","templated":true}]}}