{"id":15688,"date":"2024-10-24T09:17:50","date_gmt":"2024-10-24T12:17:50","guid":{"rendered":"https:\/\/defensoriaformosa.gob.ar\/?p=15688"},"modified":"2024-10-25T09:21:30","modified_gmt":"2024-10-25T12:21:30","slug":"reclaman-a-la-secretaria-de-energia-de-nacion-adopte-medidas-para-garantizar-la-generacion-y-el-transporte-de-energia-electrica-durante-el-verano","status":"publish","type":"post","link":"https:\/\/defensoriaformosa.gob.ar\/?p=15688","title":{"rendered":"RECLAMAN A LA SECRETARIA DE ENERGIA DE NACION ADOPTE MEDIDAS PARA GARANTIZAR LA GENERACION Y EL TRANSPORTE DE ENERGIA ELECTRICA DURANTE EL VERANO"},"content":{"rendered":"<p><strong>-Se hizo referencia a la falta de inversiones en la generaci\u00f3n a nivel nacional, subray\u00e1ndose que Yacyret\u00e1 est\u00e1 produciendo un 30% menos de energ\u00eda por la falta de lluvias, lo que obliga al Gobierno Federal a acordar con Paraguay que cantidad de energ\u00eda dispondr\u00e1 el Sistema Nacional entre diciembre 2024 y marzo del 2025, donde se alcanzar\u00e1n las mayores demandas en el consumo energ\u00e9tico-<\/strong><\/p>\n<p><!--more--><\/p>\n<p>Ante la falta de respuestas y acciones concretas por parte de la Empresa Transnea S.A. que preside Oscar Dores y la necesidad imperiosa de que la misma, arbitre todas las medidas y acciones que permitan restablecer la interconexi\u00f3n en 220 Kv entre la ET CLORINDA y la ET GUARAMBARE, la cual permitir\u00eda, abastecer de m\u00e1s energ\u00eda el\u00e9ctrica, no solo a los usuarios residenciales, comerciales e industriales de nuestra jurisdicci\u00f3n, sino tambi\u00e9n del NEA, aliviando y neutralizando los colapsos energ\u00e9ticos ya anunciados para los pr\u00f3ximos meses de verano en todo el pa\u00eds, por Cammesa, ENRE y la propia Secretaria de Energ\u00eda de Naci\u00f3n, lo que beneficiar\u00eda tambi\u00e9n al sistema el\u00e9ctrico nacional; desde la Defensor\u00eda del Pueblo de la Provincia de Formosa, \u201cse solicit\u00f3, se apliquen las sanciones correspondientes a la transportista, encargada de la reconstrucci\u00f3n de la denominada Torre 80 sobre el R\u00edo Paraguay y que fue da\u00f1ada hace a\u00f1os, frente a sus actuales atrasos o negligencias\u201d.<\/p>\n<p>Asimismo y frente a un verano que se presenta complicado, por la falta de generaci\u00f3n de energ\u00eda, lo que originar\u00e1 cortes de luz en medio de meses de altas temperaturas, \u201cse requiri\u00f3 a la nueva Titular de la Secretaria de Energ\u00eda, Lic. Mar\u00eda Tettamanti, impulse las medidas necesarias que permitan al sector de generaci\u00f3n de energ\u00eda el\u00e9ctrica y del transporte, estar preparado para enfrentar la combinaci\u00f3n de una alta demanda y de un sistema energ\u00e9tico nacional debilitado por las faltas de inversiones y previsiones\u201d, a pesar de los aumentos desmedidos autorizados y que se cobran mensualmente a los usuarios residenciales, comerciales e industriales, sumando la eliminaci\u00f3n de subsidios.<\/p>\n<p>En este contexto, el Ombudsman Provincial, Dr. Jos\u00e9 Leonardo Gialluca, le hizo notar a la flamante Funcionaria Nacional que, la central hidroel\u00e9ctrica binacional Yacyret\u00e1, que representa alrededor del 14% de la producci\u00f3n de electricidad de la Argentina, est\u00e1 generando un 30% menos, a causa de la bajante del caudal de agua que se registra en la cuenca del Paran\u00e1, provocado principalmente por las escasas lluvias. La mitad de lo que origina, se est\u00e1 inyectando al Sistema Argentino de Interconexi\u00f3n (Sadi), ya que ahora Paraguay toma el otro 50%. Seg\u00fan la EBY (Entidad Binacional Yacyret\u00e1), que administra la represa, esta central hidroel\u00e9ctrica ubicada en Corrientes tiene una potencia instalada de 3.200 megawatts (MW) a partir de 20 turbinas y en ese orden de ideas, subray\u00f3 que Yacyret\u00e1 puede abastecer el 50% de la energ\u00eda que consumen los hogares de la Argentina, sin contar a las industrias. En la actualidad, Yacyret\u00e1 genera menos energ\u00eda, ya que est\u00e1 ofreciendo un suministro diario que se ubica entre los 40.000 y 45.000 megawatts por hora (MWh), cuando el m\u00e1ximo es de alrededor de 65.000 MWh, incluso pudiendo llegar a casi 70.000 MWh. \u201cLa ca\u00edda de la generaci\u00f3n es relevante, pues se acerca el verano y la energ\u00eda disponible entre diciembre y marzo podr\u00eda no alcanzar para abastecer los picos de consumo energ\u00e9tico\u201d.<\/p>\n<p>Durante los \u00faltimos a\u00f1os el caudal de agua de Yacyret\u00e1 fue de hasta 14.000 metros c\u00fabicos por segundo (m3\/s) y en los \u00faltimos meses baj\u00f3 a 10.000 m3\/s; la diferencia se traduce directamente en la ca\u00edda de producci\u00f3n de energ\u00eda, agravado por el hecho de que Paraguay en este 2024 est\u00e1 tomando m\u00e1s energ\u00eda que a\u00f1os anteriores, por lo que, hace necesario que el Gobierno Nacional acuerde con el pa\u00eds vecino, la cantidad de energ\u00eda con la que contaremos en el verano, dado que anteriormente, tomaba menos porque se abastec\u00eda de la represa Itaip\u00fa; en 2023 tom\u00f3 s\u00f3lo alrededor del 15% de la energ\u00eda de Yacyret\u00e1, mientras que la Argentina aprovech\u00f3 el 85% restante, para este a\u00f1o y el 2025, el panorama es incierto y de all\u00ed nuestra requisitoria a las Autoridades Nacionales.<\/p>\n","protected":false},"excerpt":{"rendered":"<p>-Se hizo referencia a la falta de inversiones en la generaci\u00f3n a nivel nacional, subray\u00e1ndose que Yacyret\u00e1 est\u00e1 produciendo un 30% menos de energ\u00eda por la falta de lluvias, lo que obliga al Gobierno Federal a acordar con Paraguay que cantidad de energ\u00eda dispondr\u00e1 el Sistema Nacional entre diciembre 2024 y marzo del 2025, donde [&hellip;]<\/p>\n","protected":false},"author":1,"featured_media":15689,"comment_status":"closed","ping_status":"closed","sticky":false,"template":"","format":"standard","meta":{"footnotes":""},"categories":[1],"tags":[],"class_list":["post-15688","post","type-post","status-publish","format-standard","has-post-thumbnail","hentry","category-noticias"],"_links":{"self":[{"href":"https:\/\/defensoriaformosa.gob.ar\/index.php?rest_route=\/wp\/v2\/posts\/15688","targetHints":{"allow":["GET"]}}],"collection":[{"href":"https:\/\/defensoriaformosa.gob.ar\/index.php?rest_route=\/wp\/v2\/posts"}],"about":[{"href":"https:\/\/defensoriaformosa.gob.ar\/index.php?rest_route=\/wp\/v2\/types\/post"}],"author":[{"embeddable":true,"href":"https:\/\/defensoriaformosa.gob.ar\/index.php?rest_route=\/wp\/v2\/users\/1"}],"replies":[{"embeddable":true,"href":"https:\/\/defensoriaformosa.gob.ar\/index.php?rest_route=%2Fwp%2Fv2%2Fcomments&post=15688"}],"version-history":[{"count":1,"href":"https:\/\/defensoriaformosa.gob.ar\/index.php?rest_route=\/wp\/v2\/posts\/15688\/revisions"}],"predecessor-version":[{"id":15690,"href":"https:\/\/defensoriaformosa.gob.ar\/index.php?rest_route=\/wp\/v2\/posts\/15688\/revisions\/15690"}],"wp:featuredmedia":[{"embeddable":true,"href":"https:\/\/defensoriaformosa.gob.ar\/index.php?rest_route=\/wp\/v2\/media\/15689"}],"wp:attachment":[{"href":"https:\/\/defensoriaformosa.gob.ar\/index.php?rest_route=%2Fwp%2Fv2%2Fmedia&parent=15688"}],"wp:term":[{"taxonomy":"category","embeddable":true,"href":"https:\/\/defensoriaformosa.gob.ar\/index.php?rest_route=%2Fwp%2Fv2%2Fcategories&post=15688"},{"taxonomy":"post_tag","embeddable":true,"href":"https:\/\/defensoriaformosa.gob.ar\/index.php?rest_route=%2Fwp%2Fv2%2Ftags&post=15688"}],"curies":[{"name":"wp","href":"https:\/\/api.w.org\/{rel}","templated":true}]}}