{"id":15673,"date":"2024-10-18T21:43:11","date_gmt":"2024-10-19T00:43:11","guid":{"rendered":"https:\/\/defensoriaformosa.gob.ar\/?p=15673"},"modified":"2024-10-20T21:43:29","modified_gmt":"2024-10-21T00:43:29","slug":"se-reubicaron-hornos-de-produccion-de-carbon-vegetal-en-los-chiriguanos","status":"publish","type":"post","link":"https:\/\/defensoriaformosa.gob.ar\/?p=15673","title":{"rendered":"SE REUBICARON HORNOS DE PRODUCCI\u00d3N DE CARB\u00d3N VEGETAL EN \u201cLOS CHIRIGUANOS\u201d"},"content":{"rendered":"<p><strong>-Continuar\u00e1n las fiscalizaciones de los mismos, a los fines de garantizar que no produzcan ning\u00fan perjuicio a la salud de los vecinos y preservar el ambiente-<\/strong><\/p>\n<p><!--more--><\/p>\n<p>La -Direcci\u00f3n de Ambiente y Desarrollo Sustentable- de la Defensor\u00eda del Pueblo de la Provincia de Formosa, dio curso a una solicitud efectuada por pobladores de Los Chiriguanos, en la cual, solicitaban la adopci\u00f3n de medidas, dadas las molestias y riesgos a la salud que, causaban el funcionamiento de hornos de producci\u00f3n de carb\u00f3n vegetal ubicados dentro del ejido municipal, habi\u00e9ndose registrado casos de aumento de enfermedades respiratorias en el sector afectado por el humo y particulados. Desde el Organismo de la Constituci\u00f3n, se elevaron Actuaciones a la Subsecretar\u00eda de Recursos Naturales, Ordenamiento y Calidad Ambiental de la Provincia, a cargo de la Ing. Natalia Lupia, al MDH, a cargo del Dr. An\u00edbal G\u00f3mez y a la Comisi\u00f3n de Fomento de la citada localidad, a cargo de Dn. Antonio Caldera, con el objetivo de impulsar acciones de abordaje que permitan una soluci\u00f3n a los reclamantes.<\/p>\n<p>En una primera etapa, se llevaron a cabo -Reuniones de Trabajo Interinstitucionales- entre los estamentos del Estado Provincial, determin\u00e1ndose la necesidad de un relevamiento de las condiciones en las que se realizaba la producci\u00f3n de carb\u00f3n vegetal en el lugar. Posteriormente, se llev\u00f3 adelante un trabajo en terreno, que sum\u00f3 el di\u00e1logo con el Presidente de la Comisi\u00f3n de Fomento, junto a los vecinos y otras autoridades, entre ellas el Secretario de la Comisi\u00f3n de Fomento Dn. Ariel Cuellar, pudi\u00e9ndose determinar en un primer momento que los hornos se encontraban dentro del ejido municipal, por lo cual se obtuvieron y acondicionaron nuevos terrenos distantes a m\u00e1s de 2.000 metros del actual ejido urbano, donde fueron reubicados los mismos, consider\u00e1ndose adem\u00e1s para esta decisi\u00f3n, la predominancia de los vientos en la zona, para que de esta manera, contin\u00fae la producci\u00f3n, que significa la contrataci\u00f3n de mano de obra en favor de los lugare\u00f1os, en momentos en que estos se ven sumamente perjudicados, entre otros motivos por la paralizaci\u00f3n de la obra p\u00fablica que ha dejado a miles de personas sin trabajo. Como consecuencia de todo lo actuado, el Ombudsman Provincial, Dr. Jos\u00e9 Leonardo Gialluca, emiti\u00f3 una Resoluci\u00f3n mediante la cual se Recomend\u00f3 al Presidente de la Comisi\u00f3n de Fomento de Los Chiriguanos, a garantizar las acciones en defensa del ambiente y la salud de los habitantes de la localidad, como as\u00ed tambi\u00e9n la coordinaci\u00f3n, asesoramiento y tareas de seguimiento ambiental, con el Ministerio de la Producci\u00f3n, especialmente con la intervenci\u00f3n de la Subsecretar\u00eda de Recursos Naturales, Ordenamiento y Calidad Ambiental y el MDH de la Provincia, a fin de evitar nuevos y futuros hechos como el reparado.<\/p>\n<p>Por \u00faltimo, a\u00f1adi\u00f3 que, desde el Gobierno Provincial, se vienen llevando adelante una multiplicidad de acciones, todas ellas necesarias para anticipar los riesgos y prevenir los da\u00f1os, protegiendo los espacios naturales, creando responsabilidad ambiental, recordando en esta fecha el D\u00eda Mundial de la Protecci\u00f3n de la Naturaleza, que se celebra desde 1972, teniendo su origen en las palabras pronunciadas por el General Juan Domingo Per\u00f3n en 1972, mientras se encontraba exiliado en Madrid, y que fueron enviadas a Kurt Waldheim, entonces Secretario General de las Naciones Unidas, donde alertaba sobre \u00abla marcha suicida que la humanidad ha emprendido a trav\u00e9s de la contaminaci\u00f3n del medio ambiente y la biosfera, la dilapidaci\u00f3n de los recursos naturales, el crecimiento sin freno de la poblaci\u00f3n y la sobreestimaci\u00f3n de la tecnolog\u00eda\u00bb y hac\u00eda un llamado para revertir la situaci\u00f3n.<\/p>\n","protected":false},"excerpt":{"rendered":"<p>-Continuar\u00e1n las fiscalizaciones de los mismos, a los fines de garantizar que no produzcan ning\u00fan perjuicio a la salud de los vecinos y preservar el ambiente-<\/p>\n","protected":false},"author":1,"featured_media":15674,"comment_status":"closed","ping_status":"closed","sticky":false,"template":"","format":"standard","meta":{"footnotes":""},"categories":[1],"tags":[],"class_list":["post-15673","post","type-post","status-publish","format-standard","has-post-thumbnail","hentry","category-noticias"],"_links":{"self":[{"href":"https:\/\/defensoriaformosa.gob.ar\/index.php?rest_route=\/wp\/v2\/posts\/15673","targetHints":{"allow":["GET"]}}],"collection":[{"href":"https:\/\/defensoriaformosa.gob.ar\/index.php?rest_route=\/wp\/v2\/posts"}],"about":[{"href":"https:\/\/defensoriaformosa.gob.ar\/index.php?rest_route=\/wp\/v2\/types\/post"}],"author":[{"embeddable":true,"href":"https:\/\/defensoriaformosa.gob.ar\/index.php?rest_route=\/wp\/v2\/users\/1"}],"replies":[{"embeddable":true,"href":"https:\/\/defensoriaformosa.gob.ar\/index.php?rest_route=%2Fwp%2Fv2%2Fcomments&post=15673"}],"version-history":[{"count":1,"href":"https:\/\/defensoriaformosa.gob.ar\/index.php?rest_route=\/wp\/v2\/posts\/15673\/revisions"}],"predecessor-version":[{"id":15675,"href":"https:\/\/defensoriaformosa.gob.ar\/index.php?rest_route=\/wp\/v2\/posts\/15673\/revisions\/15675"}],"wp:featuredmedia":[{"embeddable":true,"href":"https:\/\/defensoriaformosa.gob.ar\/index.php?rest_route=\/wp\/v2\/media\/15674"}],"wp:attachment":[{"href":"https:\/\/defensoriaformosa.gob.ar\/index.php?rest_route=%2Fwp%2Fv2%2Fmedia&parent=15673"}],"wp:term":[{"taxonomy":"category","embeddable":true,"href":"https:\/\/defensoriaformosa.gob.ar\/index.php?rest_route=%2Fwp%2Fv2%2Fcategories&post=15673"},{"taxonomy":"post_tag","embeddable":true,"href":"https:\/\/defensoriaformosa.gob.ar\/index.php?rest_route=%2Fwp%2Fv2%2Ftags&post=15673"}],"curies":[{"name":"wp","href":"https:\/\/api.w.org\/{rel}","templated":true}]}}