{"id":15669,"date":"2024-10-16T09:00:20","date_gmt":"2024-10-16T12:00:20","guid":{"rendered":"https:\/\/defensoriaformosa.gob.ar\/?p=15669"},"modified":"2024-10-17T09:03:52","modified_gmt":"2024-10-17T12:03:52","slug":"los-beneficiarios-de-las-pensiones-puam-y-no-contributivas-no-podran-ausentarse-del-territorio-argentino-por-un-periodo-superior-a-90-dias","status":"publish","type":"post","link":"https:\/\/defensoriaformosa.gob.ar\/?p=15669","title":{"rendered":"LOS BENEFICIARIOS DE LAS PENSIONES PUAM Y NO CONTRIBUTIVAS NO PODR\u00c1N AUSENTARSE DEL TERRITORIO ARGENTINO POR UN PERI\u00d3DO SUPERIOR A 90 D\u00cdAS"},"content":{"rendered":"<p><strong>-A los ciudadanos que por diversas razones se encuentren con inconvenientes ante las nuevas medidas dictadas por el Gobierno Nacional (ANSES), se les sugiri\u00f3 concurrir a la Sede de la Defensor\u00eda del Pueblo o comunicarse a trav\u00e9s de sus canales institucionales para recibir asesoramiento gratuito sobre el particular-<\/strong><\/p>\n<p><!--more--><\/p>\n<p>Desde la Defensor\u00eda del Pueblo de la Provincia de Formosa, se inform\u00f3 que, la Administraci\u00f3n Nacional de la Seguridad Social (ANSES) determin\u00f3 que los beneficiarios de las pensiones PUAM (Pensi\u00f3n Universal para el Adulto Mayor) y no contributivas (PNC) que no cuente con el requisito de residencia dejar\u00e1n de cobrar el haber mensual. Esta medida del Gobierno Nacional, se estableci\u00f3 mediante la Resoluci\u00f3n N\u00ba 918\/2024, que tiene el fin de controlar las prestaciones y asignaciones que proporciona el organismo. El Ombudsman Provincial Dr. Jos\u00e9 Leonardo Gialluca, se\u00f1al\u00f3 que, a partir de esta nueva medida, el beneficiario no podr\u00e1 estar ausente del territorio argentino por un per\u00edodo superior a 90 d\u00edas, y los datos se constatar\u00e1n por las bases de datos que posee el organismo previsional y se cruzar\u00e1n con las emitidas por la Direcci\u00f3n Nacional de Migraciones.<\/p>\n<p>En este sentido, el funcionario provincial confirm\u00f3 que se vienen haciendo variadas presentaciones en favor de beneficiarios que al salir del pa\u00eds no concretaron los tr\u00e1mites formales indispensables o en otros casos se hallaron con las oficinas de control de naci\u00f3n sin atenci\u00f3n al p\u00fablico, por lo que, con los fundamentos necesarios y documentaciones que acercan los interesados, se busca revertir la baja o suspensi\u00f3n de sus beneficios. Agreg\u00f3 que en el caso del cese de pensiones, los beneficiarios que no hayan cumplido, no podr\u00e1n contar con los haberes hasta que se solicite la activaci\u00f3n del mismo y el titular est\u00e9 en el pa\u00eds.<\/p>\n<p>De todas maneras, si el incumplimiento del requisito significa la baja de la prestaci\u00f3n, no se podr\u00e1 solicitar la reactivaci\u00f3n de la prestaci\u00f3n social nuevamente. Por \u00faltimo, expres\u00f3 que tras conocerse el \u00faltimo dato de inflaci\u00f3n mensual, los haberes de los pensionados aumentaron seg\u00fan el porcentaje, con lo que una Pensi\u00f3n Universal para el Adulto Mayor (PUAM) llegar\u00e1 a los $ 202.193, a su vez, la Pensi\u00f3n no Contributiva por Invalidez y Vejez se ubicar\u00e1 en los $ 177.010 y la Pensi\u00f3n Madre de 7 hijos en los $ 252.871.<\/p>\n","protected":false},"excerpt":{"rendered":"<p>-A los ciudadanos que por diversas razones se encuentren con inconvenientes ante las nuevas medidas dictadas por el Gobierno Nacional (ANSES), se les sugiri\u00f3 concurrir a la Sede de la Defensor\u00eda del Pueblo o comunicarse a trav\u00e9s de sus canales institucionales para recibir asesoramiento gratuito sobre el particular-<\/p>\n","protected":false},"author":1,"featured_media":15670,"comment_status":"closed","ping_status":"closed","sticky":false,"template":"","format":"standard","meta":{"footnotes":""},"categories":[1],"tags":[],"class_list":["post-15669","post","type-post","status-publish","format-standard","has-post-thumbnail","hentry","category-noticias"],"_links":{"self":[{"href":"https:\/\/defensoriaformosa.gob.ar\/index.php?rest_route=\/wp\/v2\/posts\/15669","targetHints":{"allow":["GET"]}}],"collection":[{"href":"https:\/\/defensoriaformosa.gob.ar\/index.php?rest_route=\/wp\/v2\/posts"}],"about":[{"href":"https:\/\/defensoriaformosa.gob.ar\/index.php?rest_route=\/wp\/v2\/types\/post"}],"author":[{"embeddable":true,"href":"https:\/\/defensoriaformosa.gob.ar\/index.php?rest_route=\/wp\/v2\/users\/1"}],"replies":[{"embeddable":true,"href":"https:\/\/defensoriaformosa.gob.ar\/index.php?rest_route=%2Fwp%2Fv2%2Fcomments&post=15669"}],"version-history":[{"count":1,"href":"https:\/\/defensoriaformosa.gob.ar\/index.php?rest_route=\/wp\/v2\/posts\/15669\/revisions"}],"predecessor-version":[{"id":15671,"href":"https:\/\/defensoriaformosa.gob.ar\/index.php?rest_route=\/wp\/v2\/posts\/15669\/revisions\/15671"}],"wp:featuredmedia":[{"embeddable":true,"href":"https:\/\/defensoriaformosa.gob.ar\/index.php?rest_route=\/wp\/v2\/media\/15670"}],"wp:attachment":[{"href":"https:\/\/defensoriaformosa.gob.ar\/index.php?rest_route=%2Fwp%2Fv2%2Fmedia&parent=15669"}],"wp:term":[{"taxonomy":"category","embeddable":true,"href":"https:\/\/defensoriaformosa.gob.ar\/index.php?rest_route=%2Fwp%2Fv2%2Fcategories&post=15669"},{"taxonomy":"post_tag","embeddable":true,"href":"https:\/\/defensoriaformosa.gob.ar\/index.php?rest_route=%2Fwp%2Fv2%2Ftags&post=15669"}],"curies":[{"name":"wp","href":"https:\/\/api.w.org\/{rel}","templated":true}]}}