{"id":15666,"date":"2024-10-15T10:06:36","date_gmt":"2024-10-15T13:06:36","guid":{"rendered":"https:\/\/defensoriaformosa.gob.ar\/?p=15666"},"modified":"2024-10-16T10:08:43","modified_gmt":"2024-10-16T13:08:43","slug":"el-gobierno-nacional-decidio-postergar-audiencia-publica-para-definir-nuevos-aumentos-en-el-precio-de-la-energia-electrica","status":"publish","type":"post","link":"https:\/\/defensoriaformosa.gob.ar\/?p=15666","title":{"rendered":"EL GOBIERNO NACIONAL DECIDIO POSTERGAR AUDIENCIA PUBLICA PARA DEFINIR NUEVOS AUMENTOS EN EL PRECIO DE LA ENERGIA ELECTRICA"},"content":{"rendered":"<p><strong>Se se\u00f1al\u00f3 desde la Defensor\u00eda del Pueblo de la Provincia de Formosa, que el Gobierno Nacional decidi\u00f3 suspender la convocatoria de Audiencia P\u00fablica para fijar nuevos valores en las tarifas de transporte de energ\u00eda el\u00e9ctrica, las cuales tienen incidencia en el costo de las facturas de los usuarios residenciales.<\/strong><\/p>\n<p><!--more--><\/p>\n<p>La medida se concret\u00f3 a trav\u00e9s de la Resoluci\u00f3n N\u00ba 743\/2024 publicada en el BO por el Ente Nacional Regulador de la Electricidad (ENRE) que dispuso \u201cdejar sin efecto la convocatoria a audiencia p\u00fablica para el d\u00eda 5 de noviembre de 2024\u201d, que hab\u00eda sido anunciada a principios de octubre, teniendo en cuenta la positiva reacci\u00f3n de la econom\u00eda a las acciones implementadas por el Ministerio de Econom\u00eda y la notoria desaceleraci\u00f3n inflacionaria verificada a la fecha. La instancia participativa buscaba \u201cponer en conocimiento y escuchar opiniones respecto de las propuestas tarifarias presentadas por las empresas concesionarias del servicio p\u00fablico de transporte de energ\u00eda el\u00e9ctrica\u201d, entre las que se encontraba Transnea y Transener.<\/p>\n<p>El Ombudsman Provincial, Dr. Jos\u00e9 Leonardo Gialluca, advirti\u00f3 sin embargo que, de acuerdo a los nuevos cuadros tarifarios aprobados por el ENRE, los aumentos del 2,7% en el transporte y distribuci\u00f3n para los usuarios residenciales, contin\u00faan vigentes, siendo este el \u00faltimo aumento tarifario dispuesto desde el Gobierno Nacional.<\/p>\n","protected":false},"excerpt":{"rendered":"<p>Se se\u00f1al\u00f3 desde la Defensor\u00eda del Pueblo de la Provincia de Formosa, que el Gobierno Nacional decidi\u00f3 suspender la convocatoria de Audiencia P\u00fablica para fijar nuevos valores en las tarifas de transporte de energ\u00eda el\u00e9ctrica, las cuales tienen incidencia en el costo de las facturas de los usuarios residenciales.<\/p>\n","protected":false},"author":1,"featured_media":15667,"comment_status":"closed","ping_status":"closed","sticky":false,"template":"","format":"standard","meta":{"footnotes":""},"categories":[1],"tags":[],"class_list":["post-15666","post","type-post","status-publish","format-standard","has-post-thumbnail","hentry","category-noticias"],"_links":{"self":[{"href":"https:\/\/defensoriaformosa.gob.ar\/index.php?rest_route=\/wp\/v2\/posts\/15666","targetHints":{"allow":["GET"]}}],"collection":[{"href":"https:\/\/defensoriaformosa.gob.ar\/index.php?rest_route=\/wp\/v2\/posts"}],"about":[{"href":"https:\/\/defensoriaformosa.gob.ar\/index.php?rest_route=\/wp\/v2\/types\/post"}],"author":[{"embeddable":true,"href":"https:\/\/defensoriaformosa.gob.ar\/index.php?rest_route=\/wp\/v2\/users\/1"}],"replies":[{"embeddable":true,"href":"https:\/\/defensoriaformosa.gob.ar\/index.php?rest_route=%2Fwp%2Fv2%2Fcomments&post=15666"}],"version-history":[{"count":1,"href":"https:\/\/defensoriaformosa.gob.ar\/index.php?rest_route=\/wp\/v2\/posts\/15666\/revisions"}],"predecessor-version":[{"id":15668,"href":"https:\/\/defensoriaformosa.gob.ar\/index.php?rest_route=\/wp\/v2\/posts\/15666\/revisions\/15668"}],"wp:featuredmedia":[{"embeddable":true,"href":"https:\/\/defensoriaformosa.gob.ar\/index.php?rest_route=\/wp\/v2\/media\/15667"}],"wp:attachment":[{"href":"https:\/\/defensoriaformosa.gob.ar\/index.php?rest_route=%2Fwp%2Fv2%2Fmedia&parent=15666"}],"wp:term":[{"taxonomy":"category","embeddable":true,"href":"https:\/\/defensoriaformosa.gob.ar\/index.php?rest_route=%2Fwp%2Fv2%2Fcategories&post=15666"},{"taxonomy":"post_tag","embeddable":true,"href":"https:\/\/defensoriaformosa.gob.ar\/index.php?rest_route=%2Fwp%2Fv2%2Ftags&post=15666"}],"curies":[{"name":"wp","href":"https:\/\/api.w.org\/{rel}","templated":true}]}}