{"id":15663,"date":"2024-10-14T08:51:35","date_gmt":"2024-10-14T11:51:35","guid":{"rendered":"https:\/\/defensoriaformosa.gob.ar\/?p=15663"},"modified":"2024-10-15T08:53:17","modified_gmt":"2024-10-15T11:53:17","slug":"se-reanudan-las-actividades-aulicas-en-nivel-inicial-primario-y-medio-en-la-comunidad-aborigen-la-pantalla","status":"publish","type":"post","link":"https:\/\/defensoriaformosa.gob.ar\/?p=15663","title":{"rendered":"SE REANUDAN LAS ACTIVIDADES AULICAS EN NIVEL INICIAL, PRIMARIO Y MEDIO EN LA COMUNIDAD ABORIGEN LA PANTALLA"},"content":{"rendered":"<p><strong>Desde los primeros d\u00edas del presente mes y a\u00f1o, el bloqueo de la entrada principal a la Comunidad La Pantalla y a los accesos a las escuelas, no permit\u00edan que ni\u00f1as\/os y adolescentes recibieran el dictado de clases, lo cual, tambi\u00e9n, perjudicaba a los docenes y profesores, como adem\u00e1s a personal que con su trabajo diario, permiten cubrir necesidades b\u00e1sicas a los antes citados-<\/strong><\/p>\n<p><!--more--><\/p>\n<p>Desde la -Direcci\u00f3n de Educaci\u00f3n- de la Defensor\u00eda del Pueblo de la Provincia de Formosa, se resalt\u00f3 que, en el d\u00eda de la fecha, siendo las 10:15 horas y luego de la intervenci\u00f3n del Fiscal Subrogante Dr. Rub\u00e9n Dar\u00edo Gon de Las Lomitas, junto al Crio. Inspector Hugo Orquera de la UR 5, acompa\u00f1ados de la Directora del Establecimiento Educativo, Sra. P\u00e9rez Estela, el MEMA Abel Ram\u00f3n Saravia y Referentes de la Comunidad Aborigen La Pantalla, decidieron labrar un Acta, habiendo previamente concretado una prolongada reuni\u00f3n en un aula de la EPEP N\u00ba 429, de la cual, participaron madres, padres originarios y docentes de la misma Comunidad, interesados en que se normalice el dictado de las clases para ni\u00f1as\/os y adolescentes, tanto de nivel inicial, primario y medio, que desde los primeros d\u00edas de este mes no se pod\u00edan llevar adelante al encontrarse totalmente bloqueada la entrada principal a la Comunidad antes citada y los distintos accesos a los Establecimientos Educativos.<\/p>\n<p>El Ombudsman Provincial, Dr. Jos\u00e9 Leonardo Gialluca, destac\u00f3 el trabajo y las gestiones del Fiscal de la Tercera Circunscripci\u00f3n Judicial de la Provincia, Dr. Rub\u00e9n Dar\u00edo Gon, para arribar a este Acuerdo que permitir\u00e1 el dictado de clases y las asistencias diversas que el Estado Provincial brinda a los estudiantes en el lugar. Asimismo, se\u00f1al\u00f3 que, Institucionalmente solicitaremos al Ministerio de Cultura y Educaci\u00f3n, como as\u00ed tambi\u00e9n al Ministerio de Planificaci\u00f3n, Obras y Servicios P\u00fablicos, que contin\u00faen avanzando en la refacci\u00f3n de los Establecimientos Educativos, EPEP N\u00ba 429, JIN Y CBSR Anexo de la EPES 50. En lo referente a la disconformidad que existe en cuanto al nombramiento del actual Cacique, se le dar\u00e1 intervenci\u00f3n a las Autoridades del ICA, para obtener un consenso que represente a todos los integrantes de esta importante Comunidad Originaria.<\/p>\n","protected":false},"excerpt":{"rendered":"<p>Desde los primeros d\u00edas del presente mes y a\u00f1o, el bloqueo de la entrada principal a la Comunidad La Pantalla y a los accesos a las escuelas, no permit\u00edan que ni\u00f1as\/os y adolescentes recibieran el dictado de clases, lo cual, tambi\u00e9n, perjudicaba a los docenes y profesores, como adem\u00e1s a personal que con su trabajo [&hellip;]<\/p>\n","protected":false},"author":1,"featured_media":15664,"comment_status":"closed","ping_status":"closed","sticky":false,"template":"","format":"standard","meta":{"footnotes":""},"categories":[1],"tags":[],"class_list":["post-15663","post","type-post","status-publish","format-standard","has-post-thumbnail","hentry","category-noticias"],"_links":{"self":[{"href":"https:\/\/defensoriaformosa.gob.ar\/index.php?rest_route=\/wp\/v2\/posts\/15663","targetHints":{"allow":["GET"]}}],"collection":[{"href":"https:\/\/defensoriaformosa.gob.ar\/index.php?rest_route=\/wp\/v2\/posts"}],"about":[{"href":"https:\/\/defensoriaformosa.gob.ar\/index.php?rest_route=\/wp\/v2\/types\/post"}],"author":[{"embeddable":true,"href":"https:\/\/defensoriaformosa.gob.ar\/index.php?rest_route=\/wp\/v2\/users\/1"}],"replies":[{"embeddable":true,"href":"https:\/\/defensoriaformosa.gob.ar\/index.php?rest_route=%2Fwp%2Fv2%2Fcomments&post=15663"}],"version-history":[{"count":1,"href":"https:\/\/defensoriaformosa.gob.ar\/index.php?rest_route=\/wp\/v2\/posts\/15663\/revisions"}],"predecessor-version":[{"id":15665,"href":"https:\/\/defensoriaformosa.gob.ar\/index.php?rest_route=\/wp\/v2\/posts\/15663\/revisions\/15665"}],"wp:featuredmedia":[{"embeddable":true,"href":"https:\/\/defensoriaformosa.gob.ar\/index.php?rest_route=\/wp\/v2\/media\/15664"}],"wp:attachment":[{"href":"https:\/\/defensoriaformosa.gob.ar\/index.php?rest_route=%2Fwp%2Fv2%2Fmedia&parent=15663"}],"wp:term":[{"taxonomy":"category","embeddable":true,"href":"https:\/\/defensoriaformosa.gob.ar\/index.php?rest_route=%2Fwp%2Fv2%2Fcategories&post=15663"},{"taxonomy":"post_tag","embeddable":true,"href":"https:\/\/defensoriaformosa.gob.ar\/index.php?rest_route=%2Fwp%2Fv2%2Ftags&post=15663"}],"curies":[{"name":"wp","href":"https:\/\/api.w.org\/{rel}","templated":true}]}}