{"id":15660,"date":"2024-10-14T08:49:34","date_gmt":"2024-10-14T11:49:34","guid":{"rendered":"https:\/\/defensoriaformosa.gob.ar\/?p=15660"},"modified":"2024-10-15T08:51:32","modified_gmt":"2024-10-15T11:51:32","slug":"intiman-a-unitan-al-amurallamiento-total-del-sector-b-para-garantizar-la-integridad-psicofisica-de-los-vecinos-de-la-zona-y-sus-bienes-patrimoniales","status":"publish","type":"post","link":"https:\/\/defensoriaformosa.gob.ar\/?p=15660","title":{"rendered":"INTIMAN A UNITAN AL AMURALLAMIENTO TOTAL DEL SECTOR B PARA GARANTIZAR LA INTEGRIDAD PSICOFISICA DE LOS VECINOS DE LA ZONA Y SUS BIENES PATRIMONIALES"},"content":{"rendered":"<p><strong>A partir del descargo efectuado en la Sede de la Defensor\u00eda del Pueblo por la Empresa UNITAN \u2013 SAICA, a trav\u00e9s de Ricardo Cristanchi, Jefe de Producci\u00f3n, en relaci\u00f3n a los hechos acontecidos el d\u00eda 30 de septiembre del corriente a\u00f1o a las 4:15 horas aproximadamente, cuando se produjo un incendio en el Sector B de acopio de maderas, hecho este que dio origen a una Investigaci\u00f3n Judicial que lleva adelante el Dr. Guillermo Caballero, Juez de Instrucci\u00f3n y Correccional N\u00ba 6, con la intervenci\u00f3n de la Fiscal\u00eda N\u00ba 3 y donde se perdieron 20 toneladas de rollizos de quebracho, debiendo intervenir Bomberos, Personal de la Polic\u00eda de la Provincia y otros Estamentos. Desde el Organismo de la Constituci\u00f3n, se Intim\u00f3 a la Firma antes mencionada, a que proceda en el menor plazo material posible, al amurallamiento total del Sector B, en el lado correspondiente al Paseo del R\u00edo, con el fin de evitar el ingreso de personas extra\u00f1as y garantizar que no vuelvan a ocurrir hechos que pongan en peligro la integridad psicof\u00edsica de los vecinos y sus bienes patrimoniales.<\/strong><\/p>\n<p><!--more--><\/p>\n<p>Asimismo, se solicit\u00f3, respecto a las calles internas y l\u00edneas -corta fuego-, se coloque la iluminaci\u00f3n faltante en la actualidad y se adopten las medidas necesarias con la finalidad de que la limpieza en la zona sea permanente y no eventual ante hechos fortuitos. Por otra parte, el Ombudsman Provincial, Dr. Jos\u00e9 Leonardo Gialluca, Inst\u00f3 a UNITAN \u2013 SAICA a que, afecte una zona propia u obtengan alguna que permita a numerosos camiones con rollizos, se estacionen en las mismas, con el fin de que estos no queden estacionados sobre la Avenida Napole\u00f3n Uriburu, originando serios y permanentes riesgos para la seguridad vial de motos y veh\u00edculos que transitan diariamente por la zona, a pesar de que la empresa ha se\u00f1alado que no autoriza a los mismos a colocarse en dicho boulevard y que no tiene injerencia en las calles adyacentes, lo cierto es que, los citados, son los que abastecen de la materia prima a esta firma y por ello, tambi\u00e9n, se ha dado intervenci\u00f3n a la Direcci\u00f3n de Tr\u00e1nsito de la Municipalidad de la Ciudad, a los efectos de que intervenga ante esta situaci\u00f3n.<\/p>\n","protected":false},"excerpt":{"rendered":"<p>A partir del descargo efectuado en la Sede de la Defensor\u00eda del Pueblo por la Empresa UNITAN \u2013 SAICA, a trav\u00e9s de Ricardo Cristanchi, Jefe de Producci\u00f3n, en relaci\u00f3n a los hechos acontecidos el d\u00eda 30 de septiembre del corriente a\u00f1o a las 4:15 horas aproximadamente, cuando se produjo un incendio en el Sector B [&hellip;]<\/p>\n","protected":false},"author":1,"featured_media":15661,"comment_status":"closed","ping_status":"closed","sticky":false,"template":"","format":"standard","meta":{"footnotes":""},"categories":[1],"tags":[],"class_list":["post-15660","post","type-post","status-publish","format-standard","has-post-thumbnail","hentry","category-noticias"],"_links":{"self":[{"href":"https:\/\/defensoriaformosa.gob.ar\/index.php?rest_route=\/wp\/v2\/posts\/15660","targetHints":{"allow":["GET"]}}],"collection":[{"href":"https:\/\/defensoriaformosa.gob.ar\/index.php?rest_route=\/wp\/v2\/posts"}],"about":[{"href":"https:\/\/defensoriaformosa.gob.ar\/index.php?rest_route=\/wp\/v2\/types\/post"}],"author":[{"embeddable":true,"href":"https:\/\/defensoriaformosa.gob.ar\/index.php?rest_route=\/wp\/v2\/users\/1"}],"replies":[{"embeddable":true,"href":"https:\/\/defensoriaformosa.gob.ar\/index.php?rest_route=%2Fwp%2Fv2%2Fcomments&post=15660"}],"version-history":[{"count":1,"href":"https:\/\/defensoriaformosa.gob.ar\/index.php?rest_route=\/wp\/v2\/posts\/15660\/revisions"}],"predecessor-version":[{"id":15662,"href":"https:\/\/defensoriaformosa.gob.ar\/index.php?rest_route=\/wp\/v2\/posts\/15660\/revisions\/15662"}],"wp:featuredmedia":[{"embeddable":true,"href":"https:\/\/defensoriaformosa.gob.ar\/index.php?rest_route=\/wp\/v2\/media\/15661"}],"wp:attachment":[{"href":"https:\/\/defensoriaformosa.gob.ar\/index.php?rest_route=%2Fwp%2Fv2%2Fmedia&parent=15660"}],"wp:term":[{"taxonomy":"category","embeddable":true,"href":"https:\/\/defensoriaformosa.gob.ar\/index.php?rest_route=%2Fwp%2Fv2%2Fcategories&post=15660"},{"taxonomy":"post_tag","embeddable":true,"href":"https:\/\/defensoriaformosa.gob.ar\/index.php?rest_route=%2Fwp%2Fv2%2Ftags&post=15660"}],"curies":[{"name":"wp","href":"https:\/\/api.w.org\/{rel}","templated":true}]}}