{"id":15648,"date":"2024-10-10T20:24:10","date_gmt":"2024-10-10T23:24:10","guid":{"rendered":"https:\/\/defensoriaformosa.gob.ar\/?p=15648"},"modified":"2024-10-10T20:24:10","modified_gmt":"2024-10-10T23:24:10","slug":"en-el-dia-mundial-de-la-salud-mental-se-denuncio-que-un-tercio-de-los-argentinos-no-recibe-la-ayuda-necesaria","status":"publish","type":"post","link":"https:\/\/defensoriaformosa.gob.ar\/?p=15648","title":{"rendered":"EN EL DIA MUNDIAL DE LA SALUD MENTAL SE DENUNCIO QUE UN TERCIO DE LOS ARGENTINOS NO RECIBE LA AYUDA NECESARIA"},"content":{"rendered":"<p><strong>-Gialluca se\u00f1al\u00f3 que, en estos 10 meses de gobierno nacional, se han tomado medidas concretas que, agravaron la situaci\u00f3n de acceso a la Salud Mental, entre ellas: aumento desmedido del precio de los medicamentos y de las cuotas de prepagas, cierre de la obra p\u00fablica, incluyendo la sanitaria, amenaza de eliminaci\u00f3n masiva de pensiones de discapacidad, recortes a las provincias, que son las que sostienen la totalidad del sistema de atenci\u00f3n y, desfinanciamiento de las universidades que, forman a los profesionales en grado y posgrado-<\/strong><\/p>\n<p><!--more--><\/p>\n<p>Al recordar el D\u00eda Mundial de la Salud Mental, fecha que busca promover la sensibilizaci\u00f3n y la lucha contra el estigma hacia los problemas de salud mental, enfatizando la importancia del bienestar emocional en la vida cotidiana, desde la Defensor\u00eda del Pueblo de la Provincia de Formosa, se se\u00f1al\u00f3 que la misma en argentina es un asunto pendiente y que, conforme a estudios de la OMS y la UBA, 1 de cada 3 personas mayores de 20 a\u00f1os en el pa\u00eds, presenta alg\u00fan problema de salud mental, siendo los trastornos de ansiedad y del estado de \u00e1nimo los m\u00e1s comunes. La estigmatizaci\u00f3n y el aislamiento de las personas que padecen estos trastornos siguen siendo comunes, lo cual, se traduce en una escaza integraci\u00f3n social y en un acceso limitado a servicios de salud adecuados, al margen de lo que establece la Ley Nacional N\u00ba 26.657 de Salud Mental, la cual, garantiza derechos fundamentales para quienes padecen trastornos mentales, promoviendo la atenci\u00f3n en comunidades y no en hospitales psiqui\u00e1tricos, donde el aislamiento solo agrava la situaci\u00f3n. En nuestra Provincia, en el Hospital Distrital N\u00ba 8, se trabaja con una mirada interdisciplinaria, adem\u00e1s, de existir una -Residencia de Salud Mental- donde surgen los profesionales que, luego trabajan en los Centros de Atenci\u00f3n Primaria de la Salud (CAPS) y en otros establecimientos. Con este motivo, Profesionales y Administrativos de la Defensor\u00eda del Pueblo, participaron de un \u201cCurso de Primeros Auxilios Psicol\u00f3gicos\u201d dictado por el Director de Salud Mental y Prevenci\u00f3n de Adicciones del M.D.H. Lic. Marcelo Kremis, con el objetivo de proporcionar conocimientos en el desarrollo de habilidades b\u00e1sicas, para brindar apoyo emocional inmediato a las personas afectadas por una emergencia, haciendo especial hincapi\u00e9 en el flagelo del suicidio.<\/p>\n<p>Durante la disertaci\u00f3n, el Dr. Kremis, resalt\u00f3 que la Salud Mental no se limita a la ausencia de trastornos mentales, sino que tambi\u00e9n implica tener habilidades para contrarrestar problemas complejos que son abordados a trav\u00e9s de respuestas integrales. Se\u00f1al\u00f3 tambi\u00e9n, la necesidad de se\u00f1alar algunos mitos, como: * Que quienes padecen un problema de salud mental \u201cest\u00e1n locos\u201d, esto es falso, dado que, seg\u00fan la OMS, 1 de cada 4 personas que vive en las grandes ciudades necesita o necesitar\u00e1 apoyo psicol\u00f3gico durante su vida. * \u201cHablar de suicidio aumenta su riesgo\u201d, cuando en realidad hablar de suicidio libera a la persona que lo piensa. Hablar de esto, de forma adecuada sensibiliza a la poblaci\u00f3n, disminuye el estigma y promueve la prevenci\u00f3n. * \u201cQuienes amenazan con suicidarse no se suicidan, s\u00f3lo quieren llamar la atenci\u00f3n\u201d. No siempre, adem\u00e1s en medio de estas llamadas de atenci\u00f3n, puede ocurrir un accidente. Con este acto la gente est\u00e1 pidiendo ayuda y, si considera que ya no tiene m\u00e1s herramientas, este hecho no se debe devaluar, sino entenderlo como un llamado de atenci\u00f3n extremo. * \u201cEl que se quiere matar no lo dice, y el que lo dice, no lo hace\u201d.<\/p>\n<p>En su mayor\u00eda estas personas manifiestan sus prop\u00f3sitos y dejan indicios de que lo van a hacer. En lo relacionado a la Valoraci\u00f3n del Riesgo de la Persona Afectada:<\/p>\n<p>* En el Nivel de Riesgo Leve que incluye pensamientos de muerte sin plan, intenci\u00f3n o comportamiento y angustia esperable a lo vivencial, se puede recomendar la ayuda de un profesional de salud mental, inclusive acompa\u00f1ar a gestionar un turno para la atenci\u00f3n en crisis.<\/p>\n<p>* En el Nivel de Riesgo Moderado, donde existe una ideaci\u00f3n suicida con plan, pero no hubo intento o comportamiento y la persona presenta reacciones cognitivas o emocionales que afectan su funcionamiento habitual, se debe brindar contenci\u00f3n y llamar a la L\u00ednea 107 SIPEC.<\/p>\n<p>* En el Nivel de Riesgo Alto, donde se evidencia el intento de suicidio potencialmente letal, existe la ideaci\u00f3n persistente con firme intenci\u00f3n de ensayo suicida, existiendo ingesta de sustancias t\u00f3xicas, presencia de autolesiones o riesgo de ca\u00edda al vac\u00edo, debe comunicarse a la L\u00ednea 107 SIPEC, acompa\u00f1ar a la persona hasta la derivaci\u00f3n, articular y garantizar la llegada a la guardia, no dej\u00e1ndola sola a la persona en ning\u00fan momento.<\/p>\n","protected":false},"excerpt":{"rendered":"<p>-Gialluca se\u00f1al\u00f3 que, en estos 10 meses de gobierno nacional, se han tomado medidas concretas que, agravaron la situaci\u00f3n de acceso a la Salud Mental, entre ellas: aumento desmedido del precio de los medicamentos y de las cuotas de prepagas, cierre de la obra p\u00fablica, incluyendo la sanitaria, amenaza de eliminaci\u00f3n masiva de pensiones de [&hellip;]<\/p>\n","protected":false},"author":1,"featured_media":15649,"comment_status":"closed","ping_status":"closed","sticky":false,"template":"","format":"standard","meta":{"footnotes":""},"categories":[1],"tags":[],"class_list":["post-15648","post","type-post","status-publish","format-standard","has-post-thumbnail","hentry","category-noticias"],"_links":{"self":[{"href":"https:\/\/defensoriaformosa.gob.ar\/index.php?rest_route=\/wp\/v2\/posts\/15648","targetHints":{"allow":["GET"]}}],"collection":[{"href":"https:\/\/defensoriaformosa.gob.ar\/index.php?rest_route=\/wp\/v2\/posts"}],"about":[{"href":"https:\/\/defensoriaformosa.gob.ar\/index.php?rest_route=\/wp\/v2\/types\/post"}],"author":[{"embeddable":true,"href":"https:\/\/defensoriaformosa.gob.ar\/index.php?rest_route=\/wp\/v2\/users\/1"}],"replies":[{"embeddable":true,"href":"https:\/\/defensoriaformosa.gob.ar\/index.php?rest_route=%2Fwp%2Fv2%2Fcomments&post=15648"}],"version-history":[{"count":1,"href":"https:\/\/defensoriaformosa.gob.ar\/index.php?rest_route=\/wp\/v2\/posts\/15648\/revisions"}],"predecessor-version":[{"id":15650,"href":"https:\/\/defensoriaformosa.gob.ar\/index.php?rest_route=\/wp\/v2\/posts\/15648\/revisions\/15650"}],"wp:featuredmedia":[{"embeddable":true,"href":"https:\/\/defensoriaformosa.gob.ar\/index.php?rest_route=\/wp\/v2\/media\/15649"}],"wp:attachment":[{"href":"https:\/\/defensoriaformosa.gob.ar\/index.php?rest_route=%2Fwp%2Fv2%2Fmedia&parent=15648"}],"wp:term":[{"taxonomy":"category","embeddable":true,"href":"https:\/\/defensoriaformosa.gob.ar\/index.php?rest_route=%2Fwp%2Fv2%2Fcategories&post=15648"},{"taxonomy":"post_tag","embeddable":true,"href":"https:\/\/defensoriaformosa.gob.ar\/index.php?rest_route=%2Fwp%2Fv2%2Ftags&post=15648"}],"curies":[{"name":"wp","href":"https:\/\/api.w.org\/{rel}","templated":true}]}}