{"id":15640,"date":"2024-10-08T17:30:10","date_gmt":"2024-10-08T20:30:10","guid":{"rendered":"https:\/\/defensoriaformosa.gob.ar\/?p=15640"},"modified":"2024-10-08T17:30:10","modified_gmt":"2024-10-08T20:30:10","slug":"usuarios-residenciales-pagaran-el-doble-de-energia-electrica-tras-no-anotarse-para-el-subsidio","status":"publish","type":"post","link":"https:\/\/defensoriaformosa.gob.ar\/?p=15640","title":{"rendered":"USUARIOS RESIDENCIALES PAGARAN EL DOBLE DE ENERGIA ELECTRICA TRAS NO ANOTARSE PARA EL SUBSIDIO"},"content":{"rendered":"<p><strong>-As\u00ed lo dispuso la Subsecretaria de Transici\u00f3n y Planeamiento Energ\u00e9tico de Naci\u00f3n, por lo que se sugiri\u00f3 a quienes no se hayan inscripto, procedan a registrarse, dado que el beneficio reci\u00e9n impactar\u00e1 en sus facturas, luego de dos meses aproximadamente, siempre y cuando cumplan con los requisitos establecidos-<\/strong><\/p>\n<p><!--more--><\/p>\n<p>Desde la Defensor\u00eda del Pueblo de la Provincia de Formosa, se dio a conocer que, en el d\u00eda de ayer, se recepcion\u00f3 una notificaci\u00f3n de la Subsecretaria de Transici\u00f3n y Planeamiento Energ\u00e9tico, a cargo de Mariela Beljansky, que depende del Ministerio de Econom\u00eda de Naci\u00f3n, en el marco del Decreto N\u00ba 465\/24 que determin\u00f3 la Restructuraci\u00f3n del R\u00e9gimen de Subsidios a la energ\u00eda el\u00e9ctrica y mediante la cual, se decidi\u00f3 \u201cque todos aquellos usuarios beneficiarios de tarifa social y\/u otros programas provinciales que se encontraban categorizados en forma autom\u00e1tica como Nivel 2, en virtud de la Resoluci\u00f3n N\u00ba 631\/22 de la Secretaria de Energ\u00eda y\/o de la Disposici\u00f3n N\u00ba 3\/22 de la Ex Subsecretaria de Planeamiento Energ\u00e9tico,\u00a0 y que no se hayan inscripto en el RASE (Registro de Acceso a los Subsidios a la Energ\u00eda), pasar\u00e1n directamente al Nivel 1, debiendo pagar en consecuencia una Tarifa Plena sin ninguna bonificaci\u00f3n nacional\u201d.<\/p>\n<p>El Ombudsman Provincial, Dr. Jos\u00e9 Leonardo Gialluca, aclar\u00f3 que estos usuarios no han perdido su derecho al subsidio, sino que deber\u00e1n realizar la inscripci\u00f3n en el RASE para que se determine el segmento correspondiente seg\u00fan sus ingresos y esto definir\u00e1 el monto de asistencia a aplicarse en sus futuras facturas. Por lo que, el Funcionario Provincial, convoc\u00f3 a quienes no se hayan inscripto a realizar los tr\u00e1mites correspondientes, toda vez que, si alg\u00fan usuario residencial es incluido en el transcurso de este mes, \u201cpasar\u00e1n dos (2) meses aproximadamente, para que el beneficio nacional impacte en la facturaci\u00f3n\u201d.<\/p>\n<p>Record\u00f3 que los mismos se puede realizar a trav\u00e9s de la p\u00e1gina oficial del RASE: subsidios-energia.argentina.gob.ar, o tambi\u00e9n tienen la alternativa de acercarse con su factura de REFSA y DNI, por ante las Oficinas de la Defensor\u00eda del Pueblo o del EROSP. Por \u00faltimo, record\u00f3 que, ante los aumentos desmedidos de las tarifas energ\u00e9ticas implementadas por el Gobierno Nacional y que se han convertido en impagables para jubilados, pensionados, inquilinos, asalariados, electrodependientes, pymes, comercios, originando grav\u00edsimas dificultades econ\u00f3micas a todos estos sectores, un amplio frente multisectorial ha convocado para el pr\u00f3ximo jueves 31 de octubre de 21:00 a 21:10 horas, a sumarse a un apag\u00f3n nacional contra los aumentos de tarifas energ\u00e9ticas del Gobierno de Javier Milei.<\/p>\n","protected":false},"excerpt":{"rendered":"<p>-As\u00ed lo dispuso la Subsecretaria de Transici\u00f3n y Planeamiento Energ\u00e9tico de Naci\u00f3n, por lo que se sugiri\u00f3 a quienes no se hayan inscripto, procedan a registrarse, dado que el beneficio reci\u00e9n impactar\u00e1 en sus facturas, luego de dos meses aproximadamente, siempre y cuando cumplan con los requisitos establecidos-<\/p>\n","protected":false},"author":1,"featured_media":15641,"comment_status":"closed","ping_status":"closed","sticky":false,"template":"","format":"standard","meta":{"footnotes":""},"categories":[1],"tags":[],"class_list":["post-15640","post","type-post","status-publish","format-standard","has-post-thumbnail","hentry","category-noticias"],"_links":{"self":[{"href":"https:\/\/defensoriaformosa.gob.ar\/index.php?rest_route=\/wp\/v2\/posts\/15640","targetHints":{"allow":["GET"]}}],"collection":[{"href":"https:\/\/defensoriaformosa.gob.ar\/index.php?rest_route=\/wp\/v2\/posts"}],"about":[{"href":"https:\/\/defensoriaformosa.gob.ar\/index.php?rest_route=\/wp\/v2\/types\/post"}],"author":[{"embeddable":true,"href":"https:\/\/defensoriaformosa.gob.ar\/index.php?rest_route=\/wp\/v2\/users\/1"}],"replies":[{"embeddable":true,"href":"https:\/\/defensoriaformosa.gob.ar\/index.php?rest_route=%2Fwp%2Fv2%2Fcomments&post=15640"}],"version-history":[{"count":1,"href":"https:\/\/defensoriaformosa.gob.ar\/index.php?rest_route=\/wp\/v2\/posts\/15640\/revisions"}],"predecessor-version":[{"id":15642,"href":"https:\/\/defensoriaformosa.gob.ar\/index.php?rest_route=\/wp\/v2\/posts\/15640\/revisions\/15642"}],"wp:featuredmedia":[{"embeddable":true,"href":"https:\/\/defensoriaformosa.gob.ar\/index.php?rest_route=\/wp\/v2\/media\/15641"}],"wp:attachment":[{"href":"https:\/\/defensoriaformosa.gob.ar\/index.php?rest_route=%2Fwp%2Fv2%2Fmedia&parent=15640"}],"wp:term":[{"taxonomy":"category","embeddable":true,"href":"https:\/\/defensoriaformosa.gob.ar\/index.php?rest_route=%2Fwp%2Fv2%2Fcategories&post=15640"},{"taxonomy":"post_tag","embeddable":true,"href":"https:\/\/defensoriaformosa.gob.ar\/index.php?rest_route=%2Fwp%2Fv2%2Ftags&post=15640"}],"curies":[{"name":"wp","href":"https:\/\/api.w.org\/{rel}","templated":true}]}}