{"id":15626,"date":"2024-10-02T09:16:27","date_gmt":"2024-10-02T12:16:27","guid":{"rendered":"https:\/\/defensoriaformosa.gob.ar\/?p=15626"},"modified":"2024-10-03T09:18:08","modified_gmt":"2024-10-03T12:18:08","slug":"el-gobierno-nacional-puso-en-marcha-un-plan-de-contingencia-para-evitar-cortes-de-energia-electrica","status":"publish","type":"post","link":"https:\/\/defensoriaformosa.gob.ar\/?p=15626","title":{"rendered":"EL GOBIERNO NACIONAL PUSO EN MARCHA UN PLAN DE CONTINGENCIA PARA EVITAR CORTES DE ENERGIA ELECTRICA"},"content":{"rendered":"<p><strong>-El Gerente General de TRANSNEA SA, Ing. Osvaldo C. Iglesias, inform\u00f3 a la Defensor\u00eda del Pueblo que para conseguir los fondos necesarios para la ejecuci\u00f3n de las obras de reparaci\u00f3n de la \u201cTorre 80\u201d que permita la interconexi\u00f3n en 220 kv entre la ET Clorinda y la ET Guarambar\u00e9, al no presentarse oferentes en el proceso licitatorio, han solicitado se la declare desierta y se llame a uno nuevo, a los fines de poder contratar una empresa que concrete la misma de manera urgente-<\/strong><\/p>\n<p><!--more--><\/p>\n<p>Desde la Defensor\u00eda del Pueblo de la Provincia de Formosa, se dio a conocer el -Plan de Contingencia- puesto en marcha por la Secretaria de Energ\u00eda de Naci\u00f3n, para evitar cortes de luz y que fuera publicado en el Bolet\u00edn Oficial este mi\u00e9rcoles 02 de octubre del 2024, a trav\u00e9s de la Resoluci\u00f3n N\u00ba 294\/24, el cual incluye una serie de medidas para la generaci\u00f3n, el transporte y la distribuci\u00f3n del sistema el\u00e9ctrico, que se extender\u00e1 para los \u201cd\u00edas cr\u00edticos\u201d del per\u00edodo 2024\/26; con el objetivo de \u201creducir al m\u00ednimo el impacto en la econom\u00eda y la vida cotidiana\u201d ante \u201ceventuales interrupciones en el suministro el\u00e9ctrico\u201d producidas por \u201cpicos de demanda\u201d. De esta manera, se dispuso realizar todas las acciones que permitan obtener la importaci\u00f3n de energ\u00eda y potencia de los pa\u00edses lim\u00edtrofes en horas de elevada exigencia de d\u00edas cr\u00edticos que oportunamente definir\u00e1 CAMMESA.<\/p>\n<p>En lo que respecta al transporte y distribuci\u00f3n de energ\u00eda, el Gobierno Nacional \u201cpropici\u00f3 mecanismos regulatorios\u201d con el fin de \u201cfomentar las inversiones en ampliaciones de los sistemas de transporte\u201d, en cuanto al sector de la Distribuci\u00f3n, estableci\u00f3 que \u201clas empresas distribuidoras de jurisdicci\u00f3n federal\u201d deber\u00e1n presentar \u201cdentro de un plazo m\u00e1ximo de 15 d\u00edas desde la publicaci\u00f3n de la presente medida, un Programa de Atenci\u00f3n de Contingencias ante situaciones de indisponibilidades en sus \u00e1reas de concesi\u00f3n\u201d.<\/p>\n<p>Al mismo tiempo, CAMMESA deber\u00e1 solicitar a los Agentes Distribuidores bajo jurisdicci\u00f3n federal su voluntad de declarar las Unidades Generadoras M\u00f3viles (UGEM) de terceros que tengan instaladas en su red para ser utilizadas en el periodo de verano. A su vez, se cre\u00f3 un -Comit\u00e9 de Seguimiento de Implementaci\u00f3n del Plan de Contingencia-, que realizar\u00e1 un monitoreo continuo y con evaluaciones peri\u00f3dicas y estar\u00e1 conformado por un integrante de la Subsecretar\u00eda de Energ\u00eda El\u00e9ctrica, el ENRE, CAMMESA, los Agentes Generadores, Transportistas, Grandes Usuarios y Distribuidores bajo jurisdicci\u00f3n federal.<\/p>\n","protected":false},"excerpt":{"rendered":"<p>-El Gerente General de TRANSNEA SA, Ing. Osvaldo C. Iglesias, inform\u00f3 a la Defensor\u00eda del Pueblo que para conseguir los fondos necesarios para la ejecuci\u00f3n de las obras de reparaci\u00f3n de la \u201cTorre 80\u201d que permita la interconexi\u00f3n en 220 kv entre la ET Clorinda y la ET Guarambar\u00e9, al no presentarse oferentes en el [&hellip;]<\/p>\n","protected":false},"author":1,"featured_media":15627,"comment_status":"closed","ping_status":"closed","sticky":false,"template":"","format":"standard","meta":{"footnotes":""},"categories":[24,15,3],"tags":[],"class_list":["post-15626","post","type-post","status-publish","format-standard","has-post-thumbnail","hentry","category-infraestructura","category-servicios","category-defensa-de-los-derechos-del-usuario-consumidor-contribuyentes"],"_links":{"self":[{"href":"https:\/\/defensoriaformosa.gob.ar\/index.php?rest_route=\/wp\/v2\/posts\/15626","targetHints":{"allow":["GET"]}}],"collection":[{"href":"https:\/\/defensoriaformosa.gob.ar\/index.php?rest_route=\/wp\/v2\/posts"}],"about":[{"href":"https:\/\/defensoriaformosa.gob.ar\/index.php?rest_route=\/wp\/v2\/types\/post"}],"author":[{"embeddable":true,"href":"https:\/\/defensoriaformosa.gob.ar\/index.php?rest_route=\/wp\/v2\/users\/1"}],"replies":[{"embeddable":true,"href":"https:\/\/defensoriaformosa.gob.ar\/index.php?rest_route=%2Fwp%2Fv2%2Fcomments&post=15626"}],"version-history":[{"count":1,"href":"https:\/\/defensoriaformosa.gob.ar\/index.php?rest_route=\/wp\/v2\/posts\/15626\/revisions"}],"predecessor-version":[{"id":15628,"href":"https:\/\/defensoriaformosa.gob.ar\/index.php?rest_route=\/wp\/v2\/posts\/15626\/revisions\/15628"}],"wp:featuredmedia":[{"embeddable":true,"href":"https:\/\/defensoriaformosa.gob.ar\/index.php?rest_route=\/wp\/v2\/media\/15627"}],"wp:attachment":[{"href":"https:\/\/defensoriaformosa.gob.ar\/index.php?rest_route=%2Fwp%2Fv2%2Fmedia&parent=15626"}],"wp:term":[{"taxonomy":"category","embeddable":true,"href":"https:\/\/defensoriaformosa.gob.ar\/index.php?rest_route=%2Fwp%2Fv2%2Fcategories&post=15626"},{"taxonomy":"post_tag","embeddable":true,"href":"https:\/\/defensoriaformosa.gob.ar\/index.php?rest_route=%2Fwp%2Fv2%2Ftags&post=15626"}],"curies":[{"name":"wp","href":"https:\/\/api.w.org\/{rel}","templated":true}]}}