{"id":15619,"date":"2024-09-27T17:47:34","date_gmt":"2024-09-27T20:47:34","guid":{"rendered":"https:\/\/defensoriaformosa.gob.ar\/?p=15619"},"modified":"2024-09-30T17:49:20","modified_gmt":"2024-09-30T20:49:20","slug":"solicitan-al-ministro-de-justicia-de-nacion-aclare-los-alcances-de-la-nueva-norma-que-exime-del-pago-de-derechos-de-autor","status":"publish","type":"post","link":"https:\/\/defensoriaformosa.gob.ar\/?p=15619","title":{"rendered":"SOLICITAN AL MINISTRO DE JUSTICIA DE NACION ACLARE LOS ALCANCES DE LA NUEVA NORMA QUE EXIME DEL PAGO DE DERECHOS DE AUTOR"},"content":{"rendered":"<p><strong>-La confusi\u00f3n generada por el dictado del Decreto N\u00ba 765\/24 en cuanto a los alcances de la nueva definici\u00f3n de \u201cejecuci\u00f3n p\u00fablica\u201d y \u201c\u00e1mbito privado\u201d, se hace necesario determinar sin duda alguna, quienes est\u00e1n obligados al pago de los derechos de autor y aquellos que quedan exentos-<\/strong><\/p>\n<p><!--more--><\/p>\n<p>Las Defensor\u00edas del Pueblo de la Rep\u00fablica Argentina nucleadas en A.D.P.R.A, solicitaron formalmente al Ministro de Justicia de la Naci\u00f3n, Dr. Mariano C\u00faneo Libarona, \u201cinforme de manera precisa los alcances de la reciente modificaci\u00f3n del Decreto N\u00b0 41.223\/34, a trav\u00e9s del Decreto N\u00b0 765\/2024, dada las m\u00faltiples consultas que se vienen recibiendo\u201d. El Ombudsman Provincial, Dr. Jos\u00e9 Leonardo Gialluca, se\u00f1al\u00f3 que, de la lectura de la nueva normativa, recientemente entrada en vigencia, surge que se ha modificado el concepto de ejecuci\u00f3n p\u00fablica, entendiendo por tal a aquella que, sin perjuicio de su finalidad, se desarrolle en un espacio de acceso p\u00fablico, libre y dirigido a una pluralidad de personas; excluyendo de tal concepto a las ejecuciones desarrolladas en \u00e1mbitos privados, ya sean de ocupaci\u00f3n permanente o temporal.<\/p>\n<p>As\u00ed, mientras que, en la norma derogada, la \u00fanica excepci\u00f3n era el domicilio privado, en el contexto actual se ampliar\u00edan los sujetos excluidos del pago. Ante esta situaci\u00f3n, las actuales consultas de Instituciones Educativas en relaci\u00f3n al pago de derechos de autor en fiestas de egresados, graduaciones, entre otros y a los fines de evitar situaciones de conflicto, es que se peticion\u00f3 que el Ministerio de Justicia aclare los alcances de la nueva definici\u00f3n de \u201cejecuci\u00f3n p\u00fablica\u201d y \u201c\u00e1mbito privado\u201d y de esta manera, determinar con claridad, quienes est\u00e1n obligados al pago de los derechos de autor. El Funcionario Provincial, se\u00f1al\u00f3 que, lo que se busca es evitar, por un lado, el avasallamiento de propiedad intelectual y otra parte, la certeza que deben tener los ciudadanos en relaci\u00f3n a las obligaciones establecidas en la ley, cuya infracci\u00f3n podr\u00eda ser pasible de consecuencias civiles y penales.<\/p>\n","protected":false},"excerpt":{"rendered":"<p>-La confusi\u00f3n generada por el dictado del Decreto N\u00ba 765\/24 en cuanto a los alcances de la nueva definici\u00f3n de \u201cejecuci\u00f3n p\u00fablica\u201d y \u201c\u00e1mbito privado\u201d, se hace necesario determinar sin duda alguna, quienes est\u00e1n obligados al pago de los derechos de autor y aquellos que quedan exentos-<\/p>\n","protected":false},"author":1,"featured_media":15620,"comment_status":"closed","ping_status":"closed","sticky":false,"template":"","format":"standard","meta":{"footnotes":""},"categories":[1],"tags":[],"class_list":["post-15619","post","type-post","status-publish","format-standard","has-post-thumbnail","hentry","category-noticias"],"_links":{"self":[{"href":"https:\/\/defensoriaformosa.gob.ar\/index.php?rest_route=\/wp\/v2\/posts\/15619","targetHints":{"allow":["GET"]}}],"collection":[{"href":"https:\/\/defensoriaformosa.gob.ar\/index.php?rest_route=\/wp\/v2\/posts"}],"about":[{"href":"https:\/\/defensoriaformosa.gob.ar\/index.php?rest_route=\/wp\/v2\/types\/post"}],"author":[{"embeddable":true,"href":"https:\/\/defensoriaformosa.gob.ar\/index.php?rest_route=\/wp\/v2\/users\/1"}],"replies":[{"embeddable":true,"href":"https:\/\/defensoriaformosa.gob.ar\/index.php?rest_route=%2Fwp%2Fv2%2Fcomments&post=15619"}],"version-history":[{"count":1,"href":"https:\/\/defensoriaformosa.gob.ar\/index.php?rest_route=\/wp\/v2\/posts\/15619\/revisions"}],"predecessor-version":[{"id":15621,"href":"https:\/\/defensoriaformosa.gob.ar\/index.php?rest_route=\/wp\/v2\/posts\/15619\/revisions\/15621"}],"wp:featuredmedia":[{"embeddable":true,"href":"https:\/\/defensoriaformosa.gob.ar\/index.php?rest_route=\/wp\/v2\/media\/15620"}],"wp:attachment":[{"href":"https:\/\/defensoriaformosa.gob.ar\/index.php?rest_route=%2Fwp%2Fv2%2Fmedia&parent=15619"}],"wp:term":[{"taxonomy":"category","embeddable":true,"href":"https:\/\/defensoriaformosa.gob.ar\/index.php?rest_route=%2Fwp%2Fv2%2Fcategories&post=15619"},{"taxonomy":"post_tag","embeddable":true,"href":"https:\/\/defensoriaformosa.gob.ar\/index.php?rest_route=%2Fwp%2Fv2%2Ftags&post=15619"}],"curies":[{"name":"wp","href":"https:\/\/api.w.org\/{rel}","templated":true}]}}