{"id":15615,"date":"2024-09-27T17:45:35","date_gmt":"2024-09-27T20:45:35","guid":{"rendered":"https:\/\/defensoriaformosa.gob.ar\/?p=15615"},"modified":"2024-09-30T17:47:29","modified_gmt":"2024-09-30T20:47:29","slug":"solicitan-urgente-intervencion-de-la-secretaria-de-ambiente-de-nacion-ante-la-bajante-del-rio-paraguay","status":"publish","type":"post","link":"https:\/\/defensoriaformosa.gob.ar\/?p=15615","title":{"rendered":"SOLICITAN URGENTE INTERVENCION DE LA SECRETARIA DE AMBIENTE DE NACION ANTE LA BAJANTE DEL RIO PARAGUAY"},"content":{"rendered":"<p><strong>Gialluca inform\u00f3 que, se requiri\u00f3, adem\u00e1s, intervenci\u00f3n a la Federaci\u00f3n Iberoamericana del Ombudsman (FIO), en las personas de Gabriel Savino, Defensor del Pueblo de Santa Fe, en su car\u00e1cter de Vicepresidente de dicha Entidad y del Secretario T\u00e9cnico Ismael Rins, Defensor del Pueblo de la Ciudad de R\u00edo Cuarto Provincia de C\u00f3rdoba.<\/strong><\/p>\n<p><!--more--><\/p>\n<p>Desde la -Direcci\u00f3n de Ambiente y Desarrollo Sustentable- de la Defensor\u00eda del Pueblo de la Provincia de Formosa, se solicit\u00f3 al actual Secretario de Turismo, Ambiente y Deportes de Naci\u00f3n, Lic. Daniel Osvaldo Scioli y a la Subsecretaria de Ambiente, Dra. Ana Mar\u00eda Vidal de Lamas, impulsen las acciones y gestiones necesarias dentro de sus competencias, \u201ccon el objeto de investigar, determinar y cuantificar los -impactos negativos- de las numerosas arroceras ubicadas especialmente en el Departamento de \u00d1eembuc\u00fa y otros de la Rep\u00fablica del Paraguay, que desde hace meses y en la actualidad, vienen quitando agua cruda del R\u00edo Paraguay, (curso h\u00eddrico que nace en Brasil, pasa por Bolivia, cruza Paraguay y desemboca en Argentina, constituy\u00e9ndose en uno de los principales causes de agua de Sudam\u00e9rica y un importante corredor de la hidrov\u00eda Paraguay \u2013 Paran\u00e1 que se extiende por m\u00e1s de 3.400 kil\u00f3metros de largo y conecta la producci\u00f3n de Argentina, Bolivia, Brasil, Paraguay y Uruguay con el Oc\u00e9ano Atl\u00e1ntico), mediante potentes motobombas que posteriormente son destinadas al riego y mantenimiento de estos sembrad\u00edos, adem\u00e1s de haber abierto importantes canales de unos 20 metros de ancho que transportan millones de litros de agua del r\u00edo antes citado; con el agravante que luego es devuelta con residuos t\u00f3xicos (fertilizantes), afectando de esta manera, a todas las poblaciones y usuarios que se ubican aguas abajo\u201d.<\/p>\n<p>El Ombudsman Provincial, Dr. Jos\u00e9 Leonardo Gialluca, se\u00f1al\u00f3 que, el R\u00edo Paraguay posee en la actualidad, un nivel de agua que se ubica en (-0,50) conforme hidr\u00f3metros, \u201clo que afecta a las tomas de agua locales en aproximadamente un 15% menos de los caudales que habitualmente pueden acceder, con lo cual, la producci\u00f3n de agua potable se ve gravemente disminuida y esto afecta a todos los barrios de nuestra ciudad\u201d; producto de la fuerte sequ\u00eda en la Amazon\u00eda y el Pantanal Brasile\u00f1os que ha provocado que el R\u00edo Paraguay, alcance los niveles de agua m\u00e1s bajos en m\u00e1s de un siglo, afectando a millones de personas, como as\u00ed tambi\u00e9n, al transporte en esta importe v\u00eda fluvial.<\/p>\n<p>En este contexto, es que consideramos, como necesario que el Estado Nacional, a trav\u00e9s de su Secretaria de Ambiente, averig\u00fce y calcule r\u00e1pidamente el accionar de estas empresas que vienen realizando un uso abusivo e irracional de las aguas de un R\u00edo Internacional, situaci\u00f3n \u00e9sta que se ve agravada por el aumento de las prolongadas sequ\u00edas, siendo necesario que si est\u00e1n utilizando mayores cantidades de agua a las autorizadas o provocando da\u00f1o a los causes h\u00eddricos o al ecosistema, adem\u00e1s de alterar los niveles h\u00eddricos para intereses particulares, se adopten medidas correctivas que neutralicen todas estas irregularidades.<\/p>\n<p>&nbsp;<\/p>\n","protected":false},"excerpt":{"rendered":"<p>Gialluca inform\u00f3 que, se requiri\u00f3, adem\u00e1s, intervenci\u00f3n a la Federaci\u00f3n Iberoamericana del Ombudsman (FIO), en las personas de Gabriel Savino, Defensor del Pueblo de Santa Fe, en su car\u00e1cter de Vicepresidente de dicha Entidad y del Secretario T\u00e9cnico Ismael Rins, Defensor del Pueblo de la Ciudad de R\u00edo Cuarto Provincia de C\u00f3rdoba.<\/p>\n","protected":false},"author":1,"featured_media":15616,"comment_status":"closed","ping_status":"closed","sticky":false,"template":"","format":"standard","meta":{"footnotes":""},"categories":[1],"tags":[],"class_list":["post-15615","post","type-post","status-publish","format-standard","has-post-thumbnail","hentry","category-noticias"],"_links":{"self":[{"href":"https:\/\/defensoriaformosa.gob.ar\/index.php?rest_route=\/wp\/v2\/posts\/15615","targetHints":{"allow":["GET"]}}],"collection":[{"href":"https:\/\/defensoriaformosa.gob.ar\/index.php?rest_route=\/wp\/v2\/posts"}],"about":[{"href":"https:\/\/defensoriaformosa.gob.ar\/index.php?rest_route=\/wp\/v2\/types\/post"}],"author":[{"embeddable":true,"href":"https:\/\/defensoriaformosa.gob.ar\/index.php?rest_route=\/wp\/v2\/users\/1"}],"replies":[{"embeddable":true,"href":"https:\/\/defensoriaformosa.gob.ar\/index.php?rest_route=%2Fwp%2Fv2%2Fcomments&post=15615"}],"version-history":[{"count":2,"href":"https:\/\/defensoriaformosa.gob.ar\/index.php?rest_route=\/wp\/v2\/posts\/15615\/revisions"}],"predecessor-version":[{"id":15618,"href":"https:\/\/defensoriaformosa.gob.ar\/index.php?rest_route=\/wp\/v2\/posts\/15615\/revisions\/15618"}],"wp:featuredmedia":[{"embeddable":true,"href":"https:\/\/defensoriaformosa.gob.ar\/index.php?rest_route=\/wp\/v2\/media\/15616"}],"wp:attachment":[{"href":"https:\/\/defensoriaformosa.gob.ar\/index.php?rest_route=%2Fwp%2Fv2%2Fmedia&parent=15615"}],"wp:term":[{"taxonomy":"category","embeddable":true,"href":"https:\/\/defensoriaformosa.gob.ar\/index.php?rest_route=%2Fwp%2Fv2%2Fcategories&post=15615"},{"taxonomy":"post_tag","embeddable":true,"href":"https:\/\/defensoriaformosa.gob.ar\/index.php?rest_route=%2Fwp%2Fv2%2Ftags&post=15615"}],"curies":[{"name":"wp","href":"https:\/\/api.w.org\/{rel}","templated":true}]}}