{"id":15612,"date":"2024-09-27T08:32:03","date_gmt":"2024-09-27T11:32:03","guid":{"rendered":"https:\/\/defensoriaformosa.gob.ar\/?p=15612"},"modified":"2024-09-30T08:33:49","modified_gmt":"2024-09-30T11:33:49","slug":"la-reparacion-historica-a-los-caidos-en-defensa-del-rim-29-cierra-en-parte-una-herida-de-la-sociedad-formosena","status":"publish","type":"post","link":"https:\/\/defensoriaformosa.gob.ar\/?p=15612","title":{"rendered":"LA REPARACION HISTORICA A LOS CAIDOS EN DEFENSA DEL RIM 29 CIERRA EN PARTE UNA HERIDA DE LA SOCIEDAD FORMOSE\u00d1A"},"content":{"rendered":"<p><strong>Desde la Defensor\u00eda del Pueblo de la Provincia de Formosa, su Titular, Dr. Jos\u00e9 Leonardo Gialluca, se\u00f1al\u00f3 que, luego de d\u00e9cadas de olvido, posturas contradictorias, intereses pol\u00edticos diversos, el Congreso Nacional termin\u00f3 aprobando un resarcimiento econ\u00f3mico para los soldados heridos y familiares de los ca\u00eddos en defensa del RIM 29, v\u00edctimas de un cobarde ataque el 5 de octubre de 1975 por parte de la Organizaci\u00f3n Terrorista Montoneros.<\/strong><\/p>\n<p><!--more--><\/p>\n<p>Record\u00f3 que, desde el Organismo de la Constituci\u00f3n Provincial, se llevaron adelante m\u00faltiples Instancias y Presentaciones Formales ante las Autoridades del Ejecutivo y Legislativo en los \u00faltimos a\u00f1os, que no tuvieron una acogida favorable, por lo que, Institucionalmente, destacamos hoy este hecho hist\u00f3rico aprobado en la C\u00e1mara Alta con 40 votos afirmativos, 12 abstenciones y ning\u00fan voto negativo, esperando entonces, que las Autoridades Competentes impriman sin ning\u00fan contratiempo, los tr\u00e1mites necesarios para que se efectivice el pago de este resarcimiento a los beneficiarios y que en alg\u00fan momento, tambi\u00e9n, se considere el reconocimiento para aquellos ex combatientes que resultaron ilesos en el ataque al RIM 29 y que arriesgaron su vida en defensa de las Instituciones de la democracia en argentina.<\/p>\n","protected":false},"excerpt":{"rendered":"<p>Desde la Defensor\u00eda del Pueblo de la Provincia de Formosa, su Titular, Dr. Jos\u00e9 Leonardo Gialluca, se\u00f1al\u00f3 que, luego de d\u00e9cadas de olvido, posturas contradictorias, intereses pol\u00edticos diversos, el Congreso Nacional termin\u00f3 aprobando un resarcimiento econ\u00f3mico para los soldados heridos y familiares de los ca\u00eddos en defensa del RIM 29, v\u00edctimas de un cobarde ataque [&hellip;]<\/p>\n","protected":false},"author":1,"featured_media":15613,"comment_status":"closed","ping_status":"closed","sticky":false,"template":"","format":"standard","meta":{"footnotes":""},"categories":[1],"tags":[],"class_list":["post-15612","post","type-post","status-publish","format-standard","has-post-thumbnail","hentry","category-noticias"],"_links":{"self":[{"href":"https:\/\/defensoriaformosa.gob.ar\/index.php?rest_route=\/wp\/v2\/posts\/15612","targetHints":{"allow":["GET"]}}],"collection":[{"href":"https:\/\/defensoriaformosa.gob.ar\/index.php?rest_route=\/wp\/v2\/posts"}],"about":[{"href":"https:\/\/defensoriaformosa.gob.ar\/index.php?rest_route=\/wp\/v2\/types\/post"}],"author":[{"embeddable":true,"href":"https:\/\/defensoriaformosa.gob.ar\/index.php?rest_route=\/wp\/v2\/users\/1"}],"replies":[{"embeddable":true,"href":"https:\/\/defensoriaformosa.gob.ar\/index.php?rest_route=%2Fwp%2Fv2%2Fcomments&post=15612"}],"version-history":[{"count":1,"href":"https:\/\/defensoriaformosa.gob.ar\/index.php?rest_route=\/wp\/v2\/posts\/15612\/revisions"}],"predecessor-version":[{"id":15614,"href":"https:\/\/defensoriaformosa.gob.ar\/index.php?rest_route=\/wp\/v2\/posts\/15612\/revisions\/15614"}],"wp:featuredmedia":[{"embeddable":true,"href":"https:\/\/defensoriaformosa.gob.ar\/index.php?rest_route=\/wp\/v2\/media\/15613"}],"wp:attachment":[{"href":"https:\/\/defensoriaformosa.gob.ar\/index.php?rest_route=%2Fwp%2Fv2%2Fmedia&parent=15612"}],"wp:term":[{"taxonomy":"category","embeddable":true,"href":"https:\/\/defensoriaformosa.gob.ar\/index.php?rest_route=%2Fwp%2Fv2%2Fcategories&post=15612"},{"taxonomy":"post_tag","embeddable":true,"href":"https:\/\/defensoriaformosa.gob.ar\/index.php?rest_route=%2Fwp%2Fv2%2Ftags&post=15612"}],"curies":[{"name":"wp","href":"https:\/\/api.w.org\/{rel}","templated":true}]}}