{"id":15609,"date":"2024-09-27T08:30:09","date_gmt":"2024-09-27T11:30:09","guid":{"rendered":"https:\/\/defensoriaformosa.gob.ar\/?p=15609"},"modified":"2024-09-30T08:31:57","modified_gmt":"2024-09-30T11:31:57","slug":"afirman-que-montoya-pretende-desconocer-las-consecuencias-del-mas-grave-ajuste-de-la-historia-argentina-en-los-ultimos-9-meses","status":"publish","type":"post","link":"https:\/\/defensoriaformosa.gob.ar\/?p=15609","title":{"rendered":"AFIRMAN QUE MONTOYA PRETENDE DESCONOCER LAS CONSECUENCIAS DEL MAS GRAVE AJUSTE DE LA HISTORIA ARGENTINA EN LOS ULTIMOS 9 MESES"},"content":{"rendered":"<p><strong>El Defensor del Pueblo de la Provincia de Formosa, Dr. Jos\u00e9 Leonardo Gialluca, afirm\u00f3 que, el dirigente Miguel Montoya pretende desconocer el ajuste m\u00e1s grande que viene sufriendo nuestro pa\u00eds y que ha empobrecido a m\u00e1s de 5,3 millones de argentinos y llevado a la indigencia a m\u00e1s de 3 millones, mediante la aplicaci\u00f3n de medidas econ\u00f3micas que nos est\u00e1n acercando al borde de ser un pa\u00eds con pr\u00e1cticamente todos los habitantes pobres. Intentar \u00fanicamente trasladar responsabilidades y confundir a los consumidores con afirmaciones, en cuanto a que los precios de los alimentos, de los servicios p\u00fablicos esenciales, contin\u00faan increment\u00e1ndose, sin decir qui\u00e9nes son los verdaderos responsables, nos lleva a la necesidad de recordarle que, en la actualidad, \u201cla transferencia de riqueza de la clase trabajadora a los grandes empresarios es cada vez mayor en argentina\u201d.<\/strong><\/p>\n<p><!--more--><\/p>\n<p>A esto, debemos sumarle la in\u00e9dita p\u00e9rdida del poder adquisitivo de los salarios, que justifican el enojo de amplios sectores de la poblaci\u00f3n con la dirigencia pol\u00edtica tradicional, por ello, no tenemos dudas, que ha existido una verdadera estafa a los electores despu\u00e9s que el actual Gobierno Nacional, implementara cambios radicales en la econom\u00eda y tengamos en la actualidad, la inflaci\u00f3n m\u00e1s alta del mundo, cercana al 240% anual, (y un 4,2% mensuales que no se reflejan en las g\u00f3ndolas), con un ajuste sin precedentes en el gasto p\u00fablico, \u201ccon el \u00fanico objetivo de alcanzar el equilibrio fiscal y el ansiado -d\u00e9ficit cero-, para garantizar \u201cque el Estado Nacional solo\u201d y dejando de lado a los Estados Provinciales y Municipales, tenga m\u00e1s ingresos que egresos, originando m\u00e1s de 24 millones de argentinos pobres\u201d.<\/p>\n<p>El ajuste realizado por el Gobierno Nacional, que muchos defienden, entre ellos, Montoya, como necesario para estabilizar la econom\u00eda, ha generado un alivio aparente en ciertos indicadores macroecon\u00f3micos, pero golpea con fuerza a los sectores que ya viv\u00edan al borde de la pobreza. Al mismo tiempo, la clase medias, son actualmente \u00abla nueva pobreza\u00bb, que han tenido que adaptarse a una realidad en la que el salario alcanza cada vez menos, donde los precios de los alimentos y medicamentos son impuestos libremente por los sectores empresarios y suben a un ritmo mucho mayor que los ingresos, en cualquier lugar del pa\u00eds.<\/p>\n","protected":false},"excerpt":{"rendered":"<p>El Defensor del Pueblo de la Provincia de Formosa, Dr. Jos\u00e9 Leonardo Gialluca, afirm\u00f3 que, el dirigente Miguel Montoya pretende desconocer el ajuste m\u00e1s grande que viene sufriendo nuestro pa\u00eds y que ha empobrecido a m\u00e1s de 5,3 millones de argentinos y llevado a la indigencia a m\u00e1s de 3 millones, mediante la aplicaci\u00f3n de [&hellip;]<\/p>\n","protected":false},"author":1,"featured_media":15610,"comment_status":"closed","ping_status":"closed","sticky":false,"template":"","format":"standard","meta":{"footnotes":""},"categories":[1],"tags":[],"class_list":["post-15609","post","type-post","status-publish","format-standard","has-post-thumbnail","hentry","category-noticias"],"_links":{"self":[{"href":"https:\/\/defensoriaformosa.gob.ar\/index.php?rest_route=\/wp\/v2\/posts\/15609","targetHints":{"allow":["GET"]}}],"collection":[{"href":"https:\/\/defensoriaformosa.gob.ar\/index.php?rest_route=\/wp\/v2\/posts"}],"about":[{"href":"https:\/\/defensoriaformosa.gob.ar\/index.php?rest_route=\/wp\/v2\/types\/post"}],"author":[{"embeddable":true,"href":"https:\/\/defensoriaformosa.gob.ar\/index.php?rest_route=\/wp\/v2\/users\/1"}],"replies":[{"embeddable":true,"href":"https:\/\/defensoriaformosa.gob.ar\/index.php?rest_route=%2Fwp%2Fv2%2Fcomments&post=15609"}],"version-history":[{"count":1,"href":"https:\/\/defensoriaformosa.gob.ar\/index.php?rest_route=\/wp\/v2\/posts\/15609\/revisions"}],"predecessor-version":[{"id":15611,"href":"https:\/\/defensoriaformosa.gob.ar\/index.php?rest_route=\/wp\/v2\/posts\/15609\/revisions\/15611"}],"wp:featuredmedia":[{"embeddable":true,"href":"https:\/\/defensoriaformosa.gob.ar\/index.php?rest_route=\/wp\/v2\/media\/15610"}],"wp:attachment":[{"href":"https:\/\/defensoriaformosa.gob.ar\/index.php?rest_route=%2Fwp%2Fv2%2Fmedia&parent=15609"}],"wp:term":[{"taxonomy":"category","embeddable":true,"href":"https:\/\/defensoriaformosa.gob.ar\/index.php?rest_route=%2Fwp%2Fv2%2Fcategories&post=15609"},{"taxonomy":"post_tag","embeddable":true,"href":"https:\/\/defensoriaformosa.gob.ar\/index.php?rest_route=%2Fwp%2Fv2%2Ftags&post=15609"}],"curies":[{"name":"wp","href":"https:\/\/api.w.org\/{rel}","templated":true}]}}