{"id":15606,"date":"2024-09-26T09:29:43","date_gmt":"2024-09-26T12:29:43","guid":{"rendered":"https:\/\/defensoriaformosa.gob.ar\/?p=15606"},"modified":"2024-09-27T09:31:32","modified_gmt":"2024-09-27T12:31:32","slug":"pronunciamiento-en-contra-de-la-desfinanciacion-fue-puesto-en-conocimiento-de-las-universidades-en-formosa","status":"publish","type":"post","link":"https:\/\/defensoriaformosa.gob.ar\/?p=15606","title":{"rendered":"PRONUNCIAMIENTO EN CONTRA DE LA DESFINANCIACION FUE PUESTO EN CONOCIMIENTO DE LAS UNIVERSIDADES EN FORMOSA"},"content":{"rendered":"<p><strong>-Gialluca se\u00f1al\u00f3 que, en un contexto donde el actual Gobierno Nacional prev\u00e9 reducir lo que considera \u201cgastos en educaci\u00f3n\u201d a poco m\u00e1s del 3%, los pa\u00edses como Noruega destinan un 6,6% de su PBI, sigui\u00e9ndole Chile con el 6,5%, Israel con el 6,2%, Australia 6,1%, cerrando la lista de las naciones m\u00e1s comprometidas con la formaci\u00f3n educativa de sus j\u00f3venes, el Reino Unido y los Estados Unidos con el 6%-<\/strong><\/p>\n<p><!--more--><\/p>\n<p>La Comisi\u00f3n Directiva de ADPRA (Asociaci\u00f3n de Defensores del Pueblo de la Rep\u00fablica Argentina), que integra el Defensor del Pueblo de la Provincia de Formosa, Dr. Jos\u00e9 Leonardo Gialluca, como Vicepresidente II, remiti\u00f3, tanto a la Secretaria General de la Presidencia de la Naci\u00f3n, Lic. Karina Milei, como al Jefe de Gabinete, Dr. Guillermo A. Francos, sendas Actuaciones, donde expresan su total oposici\u00f3n a la posibilidad de que se vete la Ley de Financiamiento Universitario, recientemente aprobada por amplia mayor\u00eda en ambas C\u00e1maras del Congreso de la Naci\u00f3n. Este documento, fue puesto tambi\u00e9n en conocimiento del actual Ministro de Cultura y Educaci\u00f3n de la Provincia, Ing. Julio Ren\u00e9 Araoz, del Rector de la Universidad Provincial de Laguna Blanca (UPLaB) Lic. Adri\u00e1n Marcelo Muracciole y del Rector de la Universidad Nacional de Formosa (UNaF), Prof. Esp. Augusto Parmetler, a fin de que arbitren los medios necesarios para su difusi\u00f3n y conocimiento a los Se\u00f1ores Decanos, Docentes, No Docentes, Alumnos Universitarios y a la Sociedad Formose\u00f1a toda, ante la necesidad imperiosa de que el Gobierno Nacional reconsidere la posibilidad de vetar esta ley y se avance en la implementaci\u00f3n de un sistema de financiamiento que asegure la estabilidad de las universidades, el respeto a los derechos de los estudiantes y docentes y el fortalecimiento del sistema educativo p\u00fablico, sin que ello implique un desajuste en las cuentas p\u00fablicas. El mismo expresa que, la -Ley de Financiamiento Universitario-, constituye una herramienta fundamental para la recomposici\u00f3n del presupuesto de las universidades, en un contexto donde estas instituciones se encuentran en una situaci\u00f3n de emergencia presupuestaria, tal como lo reconocen todos los sectores vinculados al \u00e1mbito acad\u00e9mico.<\/p>\n<p>La actualizaci\u00f3n del presupuesto universitario en funci\u00f3n de la inflaci\u00f3n acumulada, y su distribuci\u00f3n basada en criterios de equidad, permitir\u00e1 garantizar no solo el funcionamiento b\u00e1sico de las universidades, sino tambi\u00e9n el derecho a una educaci\u00f3n superior de calidad para miles de estudiantes en todo el pa\u00eds. Adem\u00e1s, es importante se\u00f1alar que la Ley de Financiamiento Universitario no genera un impacto fiscal adicional, ya que simplemente ajusta los recursos asignados a las universidades en base a los \u00edndices inflacionarios acumulados, permitiendo as\u00ed que las partidas ya previstas se mantengan acordes a las necesidades econ\u00f3micas actuales. Esto asegura que el sistema educativo no sufra una erosi\u00f3n presupuestaria a causa de la inflaci\u00f3n, sin representar un aumento desmedido del gasto p\u00fablico.<\/p>\n<p>Por \u00faltimo, se expres\u00f3 que, las Defensor\u00edas del Pueblo no podemos dejar de se\u00f1alar que la falta de financiamiento adecuado afecta directamente los derechos fundamentales de los estudiantes y trabajadores universitarios. Este veto, de concretarse, comprometer\u00eda los compromisos salariales y el correcto funcionamiento de estas instituciones que son esenciales para el desarrollo social y econ\u00f3mico de la Naci\u00f3n. Nos preocupa profundamente el impacto que esta decisi\u00f3n podr\u00eda tener en la calidad educativa y en las actividades de investigaci\u00f3n, extensi\u00f3n y transferencia de conocimiento que las universidades realizan, fundamentales para el progreso cient\u00edfico y tecnol\u00f3gico de Argentina.<\/p>\n","protected":false},"excerpt":{"rendered":"<p>-Gialluca se\u00f1al\u00f3 que, en un contexto donde el actual Gobierno Nacional prev\u00e9 reducir lo que considera \u201cgastos en educaci\u00f3n\u201d a poco m\u00e1s del 3%, los pa\u00edses como Noruega destinan un 6,6% de su PBI, sigui\u00e9ndole Chile con el 6,5%, Israel con el 6,2%, Australia 6,1%, cerrando la lista de las naciones m\u00e1s comprometidas con la [&hellip;]<\/p>\n","protected":false},"author":1,"featured_media":15607,"comment_status":"closed","ping_status":"closed","sticky":false,"template":"","format":"standard","meta":{"footnotes":""},"categories":[1],"tags":[],"class_list":["post-15606","post","type-post","status-publish","format-standard","has-post-thumbnail","hentry","category-noticias"],"_links":{"self":[{"href":"https:\/\/defensoriaformosa.gob.ar\/index.php?rest_route=\/wp\/v2\/posts\/15606","targetHints":{"allow":["GET"]}}],"collection":[{"href":"https:\/\/defensoriaformosa.gob.ar\/index.php?rest_route=\/wp\/v2\/posts"}],"about":[{"href":"https:\/\/defensoriaformosa.gob.ar\/index.php?rest_route=\/wp\/v2\/types\/post"}],"author":[{"embeddable":true,"href":"https:\/\/defensoriaformosa.gob.ar\/index.php?rest_route=\/wp\/v2\/users\/1"}],"replies":[{"embeddable":true,"href":"https:\/\/defensoriaformosa.gob.ar\/index.php?rest_route=%2Fwp%2Fv2%2Fcomments&post=15606"}],"version-history":[{"count":1,"href":"https:\/\/defensoriaformosa.gob.ar\/index.php?rest_route=\/wp\/v2\/posts\/15606\/revisions"}],"predecessor-version":[{"id":15608,"href":"https:\/\/defensoriaformosa.gob.ar\/index.php?rest_route=\/wp\/v2\/posts\/15606\/revisions\/15608"}],"wp:featuredmedia":[{"embeddable":true,"href":"https:\/\/defensoriaformosa.gob.ar\/index.php?rest_route=\/wp\/v2\/media\/15607"}],"wp:attachment":[{"href":"https:\/\/defensoriaformosa.gob.ar\/index.php?rest_route=%2Fwp%2Fv2%2Fmedia&parent=15606"}],"wp:term":[{"taxonomy":"category","embeddable":true,"href":"https:\/\/defensoriaformosa.gob.ar\/index.php?rest_route=%2Fwp%2Fv2%2Fcategories&post=15606"},{"taxonomy":"post_tag","embeddable":true,"href":"https:\/\/defensoriaformosa.gob.ar\/index.php?rest_route=%2Fwp%2Fv2%2Ftags&post=15606"}],"curies":[{"name":"wp","href":"https:\/\/api.w.org\/{rel}","templated":true}]}}