{"id":15603,"date":"2024-09-25T11:48:54","date_gmt":"2024-09-25T14:48:54","guid":{"rendered":"https:\/\/defensoriaformosa.gob.ar\/?p=15603"},"modified":"2024-09-26T11:50:32","modified_gmt":"2024-09-26T14:50:32","slug":"solicitan-a-nacion-destine-de-manera-urgente-fondos-necesarios-para-lineas-de-alta-tension-e-interconexion-guarambare-clorinda-aprobados-en-audiencia-publica","status":"publish","type":"post","link":"https:\/\/defensoriaformosa.gob.ar\/?p=15603","title":{"rendered":"SOLICITAN A NACION DESTINE DE MANERA URGENTE FONDOS NECESARIOS PARA LINEAS DE ALTA TENSION E INTERCONEXION GUARAMBARE \u2013 CLORINDA APROBADOS EN AUDIENCIA PUBLICA"},"content":{"rendered":"<p><strong>En medio de la emergencia energ\u00e9tica que vive el pa\u00eds y frente a las pr\u00f3ximas medidas que dispondr\u00eda el Gobierno Nacional a trav\u00e9s de la Secretaria de Energ\u00eda, que se relacionan con un -Programa de Emergencia Verano 2024-2025-, tanto en la generaci\u00f3n, transporte y distribuci\u00f3n, el Defensor del Pueblo de la Provincia de Formosa, Dr. Jos\u00e9 Leonardo Gialluca, solicit\u00f3, tanto al Ministro de Econom\u00eda, Lic. Luis A. Caputo, como a Eduardo Chirillo a cargo de la Secretaria de Energ\u00eda, indiquen todas las medidas preventivas que tienen intenciones de implementar, as\u00ed como las estrategias que implicar\u00edan ajustes en el sector comercial e industrial durante los meses de diciembre a febrero.<\/strong><\/p>\n<p><!--more--><\/p>\n<p>El Funcionario Provincial, denunci\u00f3 que, en lo que va de la actual gesti\u00f3n nacional, las tarifas energ\u00e9ticas han sufrido incrementos en el orden de los 334% a 598%, lo que representa mayores ingresos para las generadoras y, sin embargo, nada de esto se vio reflejado en obras de infraestructura el\u00e9ctrica cr\u00edtica que aseguren una mayor producci\u00f3n, haciendo ver que, en la actualidad, existe una gran ca\u00edda en actividades industriales que no est\u00e1n haciendo uso de este servicio esencial.<\/p>\n<p>Por otro lado, les solicit\u00f3 a los Funcionarios Nacionales que destinen de manera urgente, los fondos necesarios para la ampliaci\u00f3n de la L\u00ednea de Alta Tensi\u00f3n en 132 kv \u2013 Gran Formosa \u2013 Piran\u00e9 \u2013 Ibarreta, contemplada en el Plan Federal de Transporte El\u00e9ctrico Regional y demand\u00f3, adem\u00e1s, la reconstrucci\u00f3n y reubicaci\u00f3n de la Torre 80 de la Interconexi\u00f3n Guarambar\u00e9 Clorinda, la cual, fue oportunamente aprobada en el marco de la realizaci\u00f3n de la Audiencia P\u00fablica de la Concesi\u00f3n de TRANSNEA SA. Gialluca, advirti\u00f3 a todos los usuarios residenciales no inscriptos en la Segmentaci\u00f3n Energ\u00e9tica, que los mismos pasar\u00e1n a pagar el cu\u00e1druple de las facturas que vienen abonando y por ello, es importante que conozcan que el sistema RASE continuar\u00e1 abierto todo el a\u00f1o y que no hay un l\u00edmite temporal para que las personas puedan inscribirse, pese a que se hab\u00eda lanzado un ultim\u00e1tum que venci\u00f3 los primeros d\u00edas de septiembre. Ahora se confirma que las nuevas inscripciones siguen siendo posibles, pero quienes no lo hicieron, pasan autom\u00e1ticamente al sector N1 y por ende les llegar\u00e1n facturas alt\u00edsimas y solo podr\u00e1n revertir esta situaci\u00f3n dentro de tres meses, a\u00f1adiendo que lo que determina la asignaci\u00f3n de subsidios, son factores como los ingresos del hogar, la cantidad de inmuebles, veh\u00edculos y si hay personas con discapacidad dentro del grupo familiar.<\/p>\n<p>En cuanto a aquellos usuarios que ya estaban segmentados como N2 (usuarios de ingresos bajos) y que completaron su reinscripci\u00f3n antes del 4 de septiembre, mantendr\u00e1n su subsidio vigente mientras dura el proceso de an\u00e1lisis de sus datos. El Ombudsman Provincial, critic\u00f3 duramente la falta de una campa\u00f1a de esclarecimiento que incluya medios gr\u00e1ficos, radiales, televisivos, digitales, que deber\u00eda llevar adelante la Secretaria de Energ\u00eda con relaci\u00f3n al RASE, pues, muchos usuarios no est\u00e1n al tanto de que contin\u00faa abierto y otros desconocen los requisitos para inscribirse, cuando es el Estado Nacional el que debe asumir la responsabilidad de garantizar que toda esa informaci\u00f3n llegue a la gente de manera clara y accesible.<\/p>\n","protected":false},"excerpt":{"rendered":"<p>En medio de la emergencia energ\u00e9tica que vive el pa\u00eds y frente a las pr\u00f3ximas medidas que dispondr\u00eda el Gobierno Nacional a trav\u00e9s de la Secretaria de Energ\u00eda, que se relacionan con un -Programa de Emergencia Verano 2024-2025-, tanto en la generaci\u00f3n, transporte y distribuci\u00f3n, el Defensor del Pueblo de la Provincia de Formosa, Dr. [&hellip;]<\/p>\n","protected":false},"author":1,"featured_media":15604,"comment_status":"closed","ping_status":"closed","sticky":false,"template":"","format":"standard","meta":{"footnotes":""},"categories":[1],"tags":[],"class_list":["post-15603","post","type-post","status-publish","format-standard","has-post-thumbnail","hentry","category-noticias"],"_links":{"self":[{"href":"https:\/\/defensoriaformosa.gob.ar\/index.php?rest_route=\/wp\/v2\/posts\/15603","targetHints":{"allow":["GET"]}}],"collection":[{"href":"https:\/\/defensoriaformosa.gob.ar\/index.php?rest_route=\/wp\/v2\/posts"}],"about":[{"href":"https:\/\/defensoriaformosa.gob.ar\/index.php?rest_route=\/wp\/v2\/types\/post"}],"author":[{"embeddable":true,"href":"https:\/\/defensoriaformosa.gob.ar\/index.php?rest_route=\/wp\/v2\/users\/1"}],"replies":[{"embeddable":true,"href":"https:\/\/defensoriaformosa.gob.ar\/index.php?rest_route=%2Fwp%2Fv2%2Fcomments&post=15603"}],"version-history":[{"count":1,"href":"https:\/\/defensoriaformosa.gob.ar\/index.php?rest_route=\/wp\/v2\/posts\/15603\/revisions"}],"predecessor-version":[{"id":15605,"href":"https:\/\/defensoriaformosa.gob.ar\/index.php?rest_route=\/wp\/v2\/posts\/15603\/revisions\/15605"}],"wp:featuredmedia":[{"embeddable":true,"href":"https:\/\/defensoriaformosa.gob.ar\/index.php?rest_route=\/wp\/v2\/media\/15604"}],"wp:attachment":[{"href":"https:\/\/defensoriaformosa.gob.ar\/index.php?rest_route=%2Fwp%2Fv2%2Fmedia&parent=15603"}],"wp:term":[{"taxonomy":"category","embeddable":true,"href":"https:\/\/defensoriaformosa.gob.ar\/index.php?rest_route=%2Fwp%2Fv2%2Fcategories&post=15603"},{"taxonomy":"post_tag","embeddable":true,"href":"https:\/\/defensoriaformosa.gob.ar\/index.php?rest_route=%2Fwp%2Fv2%2Ftags&post=15603"}],"curies":[{"name":"wp","href":"https:\/\/api.w.org\/{rel}","templated":true}]}}