{"id":15600,"date":"2024-09-24T07:23:06","date_gmt":"2024-09-24T10:23:06","guid":{"rendered":"https:\/\/defensoriaformosa.gob.ar\/?p=15600"},"modified":"2024-09-25T07:23:20","modified_gmt":"2024-09-25T10:23:20","slug":"exigen-que-se-aclare-y-defina-si-los-cortes-de-energia-programados-seran-solo-para-industrias-o-alcanzara-tambien-a-usuarios-residenciales","status":"publish","type":"post","link":"https:\/\/defensoriaformosa.gob.ar\/?p=15600","title":{"rendered":"EXIGEN QUE SE ACLARE Y DEFINA SI LOS CORTES DE ENERGIA PROGRAMADOS SERAN SOLO PARA INDUSTRIAS O ALCANZARA TAMBIEN A USUARIOS RESIDENCIALES"},"content":{"rendered":"<p><strong>-Gialluca afirm\u00f3 que, la funci\u00f3n de planificar y garantizar la generaci\u00f3n energ\u00e9tica, es competencia exclusiva del Estado Nacional y ante la posibilidad de cortes en los suministros, se tienen que presentar planes alternativos, compr\u00e1ndole energ\u00eda a Brasil, Paraguay y eventualmente a Uruguay-<\/strong><\/p>\n<p><!--more--><\/p>\n<p>El Defensor del Pueblo, Dr. Jos\u00e9 Leonardo Gialluca, Intim\u00f3 mediante Carta Documento, tanto al Jefe de Gabinete de Naci\u00f3n, Guillermo Francos, como al Secretario de Energ\u00eda, Eduardo Rodr\u00edguez Chirillo, en nombre y representaci\u00f3n de los usuarios residenciales, comerciales e industriales de la Provincia de Formosa, para que informen en un plazo de 48 horas h\u00e1biles, si el Estado Nacional prev\u00e9 o no cortes programados de electricidad, para los usuarios residenciales durante los pr\u00f3ximos meses de verano.<\/p>\n<p>La misma, se funda en las expresiones contradictorias del Jefe de Gabinete, quien anunci\u00f3 que la Secretaria de Energ\u00eda trabaja en un calendario de interrupciones del servicio durante los meses con las temperaturas m\u00e1s altas del a\u00f1o y las negativas del Secretario de Energ\u00eda que en el d\u00eda de la fecha, neg\u00f3 la posibilidad de cortes de luz a los hogares y ratific\u00f3 que los mismos estar\u00e1n programados \u00fanicamente para el sector industrial, confirmando un plan de remuneraciones para compensar los cortes de suministros a las grandes empresas e industrias. A esto se le suma que, el Secretario de Coordinaci\u00f3n de Energ\u00eda y Miner\u00eda, Lic. Daniel Gonz\u00e1lez, quien depende directamente del Ministro de Econom\u00eda Luis Caputo, \u201cexpres\u00f3 que tendremos un verano complicado, por la falta de generaci\u00f3n de energ\u00eda, donde el sistema no tiene reserva de potencia y que esto llevar\u00e1 a que tengamos inconvenientes\u201d.<\/p>\n<p>Por su parte, CAMMESA, prev\u00e9 que, entre febrero y marzo, el consumo llegar\u00e1 a 30.700 MW, unos mil por sobre el r\u00e9cord de febrero del 2023, con lo cual, calculando el total de energ\u00eda producida localmente y las importaciones desde pa\u00edses vecinos, no alcanzar\u00e1 para cubrir ese pico de demanda y estim\u00f3 en 19% la probabilidad de que la generaci\u00f3n no alcance y se produzcan apagones.<\/p>\n","protected":false},"excerpt":{"rendered":"<p>-Gialluca afirm\u00f3 que, la funci\u00f3n de planificar y garantizar la generaci\u00f3n energ\u00e9tica, es competencia exclusiva del Estado Nacional y ante la posibilidad de cortes en los suministros, se tienen que presentar planes alternativos, compr\u00e1ndole energ\u00eda a Brasil, Paraguay y eventualmente a Uruguay-<\/p>\n","protected":false},"author":1,"featured_media":15601,"comment_status":"closed","ping_status":"closed","sticky":false,"template":"","format":"standard","meta":{"footnotes":""},"categories":[1],"tags":[],"class_list":["post-15600","post","type-post","status-publish","format-standard","has-post-thumbnail","hentry","category-noticias"],"_links":{"self":[{"href":"https:\/\/defensoriaformosa.gob.ar\/index.php?rest_route=\/wp\/v2\/posts\/15600","targetHints":{"allow":["GET"]}}],"collection":[{"href":"https:\/\/defensoriaformosa.gob.ar\/index.php?rest_route=\/wp\/v2\/posts"}],"about":[{"href":"https:\/\/defensoriaformosa.gob.ar\/index.php?rest_route=\/wp\/v2\/types\/post"}],"author":[{"embeddable":true,"href":"https:\/\/defensoriaformosa.gob.ar\/index.php?rest_route=\/wp\/v2\/users\/1"}],"replies":[{"embeddable":true,"href":"https:\/\/defensoriaformosa.gob.ar\/index.php?rest_route=%2Fwp%2Fv2%2Fcomments&post=15600"}],"version-history":[{"count":1,"href":"https:\/\/defensoriaformosa.gob.ar\/index.php?rest_route=\/wp\/v2\/posts\/15600\/revisions"}],"predecessor-version":[{"id":15602,"href":"https:\/\/defensoriaformosa.gob.ar\/index.php?rest_route=\/wp\/v2\/posts\/15600\/revisions\/15602"}],"wp:featuredmedia":[{"embeddable":true,"href":"https:\/\/defensoriaformosa.gob.ar\/index.php?rest_route=\/wp\/v2\/media\/15601"}],"wp:attachment":[{"href":"https:\/\/defensoriaformosa.gob.ar\/index.php?rest_route=%2Fwp%2Fv2%2Fmedia&parent=15600"}],"wp:term":[{"taxonomy":"category","embeddable":true,"href":"https:\/\/defensoriaformosa.gob.ar\/index.php?rest_route=%2Fwp%2Fv2%2Fcategories&post=15600"},{"taxonomy":"post_tag","embeddable":true,"href":"https:\/\/defensoriaformosa.gob.ar\/index.php?rest_route=%2Fwp%2Fv2%2Ftags&post=15600"}],"curies":[{"name":"wp","href":"https:\/\/api.w.org\/{rel}","templated":true}]}}