{"id":15596,"date":"2024-09-23T20:53:21","date_gmt":"2024-09-23T23:53:21","guid":{"rendered":"https:\/\/defensoriaformosa.gob.ar\/?p=15596"},"modified":"2024-09-23T20:53:21","modified_gmt":"2024-09-23T23:53:21","slug":"aprueban-demanda-de-tarifa-regional-diferenciada-para-usuarios-residenciales-y-asociaciones-sin-fines-de-lucro-del-norte-grande-argentino","status":"publish","type":"post","link":"https:\/\/defensoriaformosa.gob.ar\/?p=15596","title":{"rendered":"APRUEBAN DEMANDA DE TARIFA REGIONAL DIFERENCIADA PARA USUARIOS RESIDENCIALES Y ASOCIACIONES SIN FINES DE LUCRO DEL NORTE GRANDE ARGENTINO"},"content":{"rendered":"<p><strong>-Reitera -ADPRA- al Ministerio de Econom\u00eda, Secretaria de Energ\u00eda de Naci\u00f3n y TRANSNEA, la urgente adopci\u00f3n de medidas, para Restablecer la Interconexi\u00f3n de Energ\u00eda El\u00e9ctrica Guarambar\u00e9 (Paraguay) \u2013 Clorinda (Argentina), \u201cm\u00e1xime ante los anuncios del Jefe de Gabinete Guillermo Francos y del Secretario Coordinador de Energ\u00eda y Miner\u00eda, Daniel Gonz\u00e1lez, quienes anticiparon que existir\u00e1n cortes programados de energ\u00eda el\u00e9ctrica\u201d. Gialluca denunci\u00f3, falta de gesti\u00f3n del Estado Nacional y rechaz\u00f3 los aumentos irrazonables en las tarifas, exigiendo se hagan cargo, de algo que se les hab\u00eda anticipado desde hace meses-<\/strong><\/p>\n<p><!--more--><\/p>\n<p>Defensores del Pueblo de todo el Pa\u00eds nucleados en -ADPRA-, apoyaron y aprobaron por unanimidad, las propuestas presentadas por el Defensor del Pueblo de la Provincia de Formosa, Dr. Jos\u00e9 Leonardo Gialluca, junto al Dr. Bernardo Voloj, Defensor del Pueblo de Chaco, \u201cquienes solicitaron que la Secretaria de Energ\u00eda, junto al Ministerio de Econom\u00eda de Naci\u00f3n, implementen una -Tarifa Regional Diferenciada de Energ\u00eda El\u00e9ctrica-, que alcance a los usuarios que residen en el NEA y NOA, planteando, adem\u00e1s, la reducci\u00f3n de un 30% en los costos de todos los Cuadros Tarifarios establecidos por el ENRE y que el beneficio se extienda hasta un 50% cuando los usuarios sean titulares de: 1) Asignaciones por Embarazo. 2) Pensiones No Contributivas que no superen los 4 salarios m\u00ednimos. 3) Monotributistas. 4) Jubilaciones, Pensiones y Trabajadores Universales en Relaci\u00f3n de Dependencia, todos con ingresos que no superen iguales valores. 5) Electrodependientes. 6) Veteranos de la Guerra de Malvinas. 7) Entidades de bien p\u00fablico sin fines de lucro. En esta misma l\u00ednea, se aprob\u00f3, \u201csolicitar a las Autoridades del Congreso de la Naci\u00f3n y a la Comisi\u00f3n Permanente de Presupuesto y Hacienda, trate y apruebe el Proyecto de Ley presentado por la Diputada Nacional de Salta, Pamela Calleti, el cual, busca, se establezca hasta el 31 de diciembre del a\u00f1o 2031, la vigencia de una Tarifa Diferencial que alcance a todas las Provincias del Norte Grande\u201d.<\/p>\n<p>Dada la gran franja de usuarios en condiciones de vulnerabilidad socioecon\u00f3mica que viven en el Interior del Pa\u00eds y que se encuentran con graves dificultades para pagar las facturas de energ\u00eda debido a sus altos costos, originados en los tarifazos energ\u00e9ticos autorizados desde el Gobierno Nacional, se sum\u00f3 a esta propuesta, la Defensora del Pueblo de San Juan, Florencia Pe\u00f1aloza y la Defensor\u00eda del Pueblo de Santa Fe, a cargo del Dr. Jorge A. Henn y del Lic. Gabriel Savino. En el Tercer Plenario de la Asociaci\u00f3n, tambi\u00e9n el Ombudsman por Formosa, demand\u00f3 que se Reitere a la Secretaria de Energ\u00eda de Naci\u00f3n, al Ministerio de Econom\u00eda y a la Empresa de Transporte TRANSNEA, realicen todas las gestiones administrativas y\/o acciones materiales conducentes, al Restablecimiento de la Interconexi\u00f3n El\u00e9ctrica en 220 Kv entre las Ciudades de Guarambar\u00e9 \u2013 Paraguay y Clorinda Rep\u00fablica Argentina, con la cual, se beneficiar\u00e1 a m\u00e1s de 14 millones de usuarios; \u201cdenunciando el Funcionario Provincial, que las obras necesarias para el restablecimiento de la referida interconexi\u00f3n, llegaron incluso a licitarse en el 2023, pero el actual Gobierno Nacional, dej\u00f3 sin efecto el citado proyecto y con ello, la posibilidad de que el Servicio Energ\u00e9tico Nacional sea aliviado con la energ\u00eda en alta tensi\u00f3n que proven\u00eda del Paraguay\u201d.<\/p>\n<p>Gialluca afirm\u00f3 que, este \u00faltimo punto es relevante, m\u00e1xime cuando el Gobierno de Javier Milei, \u201cimplementa un plan de contingencias con interrupciones programadas y un plus para los altos consumos que alcanzar\u00e1 a la generaci\u00f3n, el transporte y la distribuci\u00f3n de energ\u00eda el\u00e9ctrica, significando esto, que los usuarios residenciales y comerciales se quedar\u00e1n sin servicios, en los meses en que existe mayor demanda, por las altas temperaturas\u201d, siendo este un punto que debe ser resuelto por el Estado Nacional y sin trasladarle responsabilidad alguna a la sociedad que cumple con sus obligaciones.<\/p>\n<p>&nbsp;<\/p>\n","protected":false},"excerpt":{"rendered":"<p>-Reitera -ADPRA- al Ministerio de Econom\u00eda, Secretaria de Energ\u00eda de Naci\u00f3n y TRANSNEA, la urgente adopci\u00f3n de medidas, para Restablecer la Interconexi\u00f3n de Energ\u00eda El\u00e9ctrica Guarambar\u00e9 (Paraguay) \u2013 Clorinda (Argentina), \u201cm\u00e1xime ante los anuncios del Jefe de Gabinete Guillermo Francos y del Secretario Coordinador de Energ\u00eda y Miner\u00eda, Daniel Gonz\u00e1lez, quienes anticiparon que existir\u00e1n cortes [&hellip;]<\/p>\n","protected":false},"author":1,"featured_media":15597,"comment_status":"closed","ping_status":"closed","sticky":false,"template":"","format":"standard","meta":{"footnotes":""},"categories":[15],"tags":[],"class_list":["post-15596","post","type-post","status-publish","format-standard","has-post-thumbnail","hentry","category-servicios"],"_links":{"self":[{"href":"https:\/\/defensoriaformosa.gob.ar\/index.php?rest_route=\/wp\/v2\/posts\/15596","targetHints":{"allow":["GET"]}}],"collection":[{"href":"https:\/\/defensoriaformosa.gob.ar\/index.php?rest_route=\/wp\/v2\/posts"}],"about":[{"href":"https:\/\/defensoriaformosa.gob.ar\/index.php?rest_route=\/wp\/v2\/types\/post"}],"author":[{"embeddable":true,"href":"https:\/\/defensoriaformosa.gob.ar\/index.php?rest_route=\/wp\/v2\/users\/1"}],"replies":[{"embeddable":true,"href":"https:\/\/defensoriaformosa.gob.ar\/index.php?rest_route=%2Fwp%2Fv2%2Fcomments&post=15596"}],"version-history":[{"count":1,"href":"https:\/\/defensoriaformosa.gob.ar\/index.php?rest_route=\/wp\/v2\/posts\/15596\/revisions"}],"predecessor-version":[{"id":15598,"href":"https:\/\/defensoriaformosa.gob.ar\/index.php?rest_route=\/wp\/v2\/posts\/15596\/revisions\/15598"}],"wp:featuredmedia":[{"embeddable":true,"href":"https:\/\/defensoriaformosa.gob.ar\/index.php?rest_route=\/wp\/v2\/media\/15597"}],"wp:attachment":[{"href":"https:\/\/defensoriaformosa.gob.ar\/index.php?rest_route=%2Fwp%2Fv2%2Fmedia&parent=15596"}],"wp:term":[{"taxonomy":"category","embeddable":true,"href":"https:\/\/defensoriaformosa.gob.ar\/index.php?rest_route=%2Fwp%2Fv2%2Fcategories&post=15596"},{"taxonomy":"post_tag","embeddable":true,"href":"https:\/\/defensoriaformosa.gob.ar\/index.php?rest_route=%2Fwp%2Fv2%2Ftags&post=15596"}],"curies":[{"name":"wp","href":"https:\/\/api.w.org\/{rel}","templated":true}]}}