{"id":15572,"date":"2024-09-11T17:36:53","date_gmt":"2024-09-11T20:36:53","guid":{"rendered":"https:\/\/defensoriaformosa.gob.ar\/?p=15572"},"modified":"2024-09-11T17:36:53","modified_gmt":"2024-09-11T20:36:53","slug":"la-inflacion-no-cede-y-se-estanca-en-el-42","status":"publish","type":"post","link":"https:\/\/defensoriaformosa.gob.ar\/?p=15572","title":{"rendered":"LA INFLACI\u00d3N NO CEDE Y SE ESTANCA EN EL 4,2%"},"content":{"rendered":"<p><strong>-Gialluca se\u00f1al\u00f3 que, estas son muy malas noticias para consumidores y usuarios-<\/strong><\/p>\n<p><!--more--><\/p>\n<p>Desde la Defensor\u00eda del Pueblo de la Provincia de Formosa, se denunci\u00f3 que, \u201cpese al brutal ajuste con recesi\u00f3n, por cuarto mes consecutivos, la inflaci\u00f3n no baja del 4 %\u201d. El Indec, inform\u00f3 este mi\u00e9rcoles que el IPC de agosto marc\u00f3 una suba del 4,2%, dos d\u00e9cimas por encima de lo que hab\u00eda dado en julio. En tanto la interanual lleg\u00f3 a 263,7%. La inflaci\u00f3n estuvo empujada por el aumento de las tarifas de energ\u00eda el\u00e9ctrica, agua, transporte y combustibles con un 7 %.<\/p>\n<p>El Ombudsman Provincial, Dr. Jos\u00e9 Leonardo Gialluca, afirm\u00f3 que este estancamiento en la zona del 4%, es una cifra alt\u00edsima, si tenemos en cuenta, la brutal ca\u00edda del consumo y de la actualidad econ\u00f3mica en general. A\u00f1adi\u00f3 por \u00faltimo el funcionario provincial que, \u201ceste 4,2% es preocupante y representa otro duro golpe al bolsillo de los consumidores y usuarios, m\u00e1xime cuando este n\u00famero es la inflaci\u00f3n anual de pa\u00edses como Paraguay, Chile, Brasil, Uruguay y M\u00e9xico\u201d.<\/p>\n","protected":false},"excerpt":{"rendered":"<p>-Gialluca se\u00f1al\u00f3 que, estas son muy malas noticias para consumidores y usuarios-<\/p>\n","protected":false},"author":1,"featured_media":15573,"comment_status":"closed","ping_status":"closed","sticky":false,"template":"","format":"standard","meta":{"footnotes":""},"categories":[3],"tags":[],"class_list":["post-15572","post","type-post","status-publish","format-standard","has-post-thumbnail","hentry","category-defensa-de-los-derechos-del-usuario-consumidor-contribuyentes"],"_links":{"self":[{"href":"https:\/\/defensoriaformosa.gob.ar\/index.php?rest_route=\/wp\/v2\/posts\/15572","targetHints":{"allow":["GET"]}}],"collection":[{"href":"https:\/\/defensoriaformosa.gob.ar\/index.php?rest_route=\/wp\/v2\/posts"}],"about":[{"href":"https:\/\/defensoriaformosa.gob.ar\/index.php?rest_route=\/wp\/v2\/types\/post"}],"author":[{"embeddable":true,"href":"https:\/\/defensoriaformosa.gob.ar\/index.php?rest_route=\/wp\/v2\/users\/1"}],"replies":[{"embeddable":true,"href":"https:\/\/defensoriaformosa.gob.ar\/index.php?rest_route=%2Fwp%2Fv2%2Fcomments&post=15572"}],"version-history":[{"count":1,"href":"https:\/\/defensoriaformosa.gob.ar\/index.php?rest_route=\/wp\/v2\/posts\/15572\/revisions"}],"predecessor-version":[{"id":15574,"href":"https:\/\/defensoriaformosa.gob.ar\/index.php?rest_route=\/wp\/v2\/posts\/15572\/revisions\/15574"}],"wp:featuredmedia":[{"embeddable":true,"href":"https:\/\/defensoriaformosa.gob.ar\/index.php?rest_route=\/wp\/v2\/media\/15573"}],"wp:attachment":[{"href":"https:\/\/defensoriaformosa.gob.ar\/index.php?rest_route=%2Fwp%2Fv2%2Fmedia&parent=15572"}],"wp:term":[{"taxonomy":"category","embeddable":true,"href":"https:\/\/defensoriaformosa.gob.ar\/index.php?rest_route=%2Fwp%2Fv2%2Fcategories&post=15572"},{"taxonomy":"post_tag","embeddable":true,"href":"https:\/\/defensoriaformosa.gob.ar\/index.php?rest_route=%2Fwp%2Fv2%2Ftags&post=15572"}],"curies":[{"name":"wp","href":"https:\/\/api.w.org\/{rel}","templated":true}]}}