{"id":15569,"date":"2024-09-10T18:44:32","date_gmt":"2024-09-10T21:44:32","guid":{"rendered":"https:\/\/defensoriaformosa.gob.ar\/?p=15569"},"modified":"2024-09-10T18:44:32","modified_gmt":"2024-09-10T21:44:32","slug":"continuan-sumandose-personas-a-la-campana-un-millon-de-firmas-contra-el-veto-y-a-favor-de-los-jubilados","status":"publish","type":"post","link":"https:\/\/defensoriaformosa.gob.ar\/?p=15569","title":{"rendered":"CONTINUAN SUMANDOSE PERSONAS A LA CAMPA\u00d1A \u201cUN MILLON DE FIRMAS CONTRA EL VETO Y A FAVOR DE LOS JUBILADOS\u201d"},"content":{"rendered":"<p><strong>Gialluca afirm\u00f3 que, es crucial que nuestros representantes en el Congreso act\u00faen con firmeza para rechazar este veto y proteger a quienes han dado tanto por nuestra sociedad y que hoy perciben solo $225.454 m\u00e1s un bono de $70.000 que no se encuentra garantizado para este mes de septiembre.<\/strong><\/p>\n<p><!--more--><\/p>\n<p>Desde la Defensor\u00eda del Pueblo de la Provincia de Formosa, se dio a conocer que decenas de ciudadanos han firmado y contin\u00faan suscribiendo, de manera f\u00edsica y digital, la Campa\u00f1a \u201cun mill\u00f3n de firmas contra el veto de Milei y a favor de los Jubilados\u201d que se est\u00e1 realizando en todas las Provincias del Pa\u00eds y que en nuestra Jurisdicci\u00f3n se recolectan en nuestra Sede en calle Padre Pati\u00f1o N\u00b0 831, como as\u00ed tambi\u00e9n, \u201cen mesas de conciencia instaladas en lugares estrat\u00e9gicos, como obras sociales, casas de la solidaridad y entidades bancarias\u201d.<\/p>\n<p>El Ombudsman Provincial, Dr. Jos\u00e9 Leonardo Gialluca, convoc\u00f3 a todas las Entidades Civiles y Religiosas a sumarse a esta Campa\u00f1a de recolecci\u00f3n de firmas, cuyo destino final ser\u00e1 el Congreso de la Naci\u00f3n para que los Diputados y Senadores, ratifiquen la Ley de Movilidad Jubilatoria que garantiza actualizaci\u00f3n de haberes por \u00edndices de inflaci\u00f3n, pago de juicios por reajuste de haberes, pago de deudas a las Cajas Previsionales Provinciales no transferidas, entre otros beneficios. Agreg\u00f3 el Funcionario Provincial, que para aquellos interesados que quieran adherirse virtualmente, pueden hacerlo completando sus datos, haciendo click a trav\u00e9s de este <a href=\"https:\/\/www.change.org\/p\/un-mill%C3%B3n-de-firmas-contra-el-veto-de-javier-milei-al-aumento-jubilatorio?recruiter=1348533349&amp;recruited_by_id=75118fa0-6557-11ef-a8c9-51f098ce0694&amp;utm_source=share_petition&amp;utm_campaign=share_petition&amp;utm_term=share_for_starters_page&amp;utm_medium=whatsapp&amp;utm_content=washarecopy_490190683_es-AR%3A1\">link<\/a> o https:\/\/nshnibvp.forms.app\/formulario-de-inscripcion.<\/p>\n<p>A su vez, rechaz\u00f3 las afirmaciones del Gobierno Nacional, se\u00f1alando que \u201cen d\u00f3lares vol\u00f3 el poder adquisitivo de los jubilados\u201d, pues la \u00fanica realidad es que millones de jubilados gastan m\u00e1s del 50% de sus ingresos en pagar actualmente servicios esenciales como lo son la energ\u00eda el\u00e9ctrica, el agua potable y apenas pueden comprar sus medicamentos, \u201cpor lo tanto, el poder adquisitivo de los jubilados vol\u00f3, pero por los aires\u201d, dado que tienen mucho menos dinero disponible para adquirir alimentos y cubrir otras necesidades b\u00e1sicas, siendo necesario recordar que a\u00fan existen 1.332 jubilados de m\u00e1s de 90 a\u00f1os a los que se les contin\u00faa descontando todos los meses el 11% de sus sueldos como aporte a la ANSES.<\/p>\n","protected":false},"excerpt":{"rendered":"<p>Gialluca afirm\u00f3 que, es crucial que nuestros representantes en el Congreso act\u00faen con firmeza para rechazar este veto y proteger a quienes han dado tanto por nuestra sociedad y que hoy perciben solo $225.454 m\u00e1s un bono de $70.000 que no se encuentra garantizado para este mes de septiembre.<\/p>\n","protected":false},"author":1,"featured_media":15570,"comment_status":"closed","ping_status":"closed","sticky":false,"template":"","format":"standard","meta":{"footnotes":""},"categories":[1],"tags":[],"class_list":["post-15569","post","type-post","status-publish","format-standard","has-post-thumbnail","hentry","category-noticias"],"_links":{"self":[{"href":"https:\/\/defensoriaformosa.gob.ar\/index.php?rest_route=\/wp\/v2\/posts\/15569","targetHints":{"allow":["GET"]}}],"collection":[{"href":"https:\/\/defensoriaformosa.gob.ar\/index.php?rest_route=\/wp\/v2\/posts"}],"about":[{"href":"https:\/\/defensoriaformosa.gob.ar\/index.php?rest_route=\/wp\/v2\/types\/post"}],"author":[{"embeddable":true,"href":"https:\/\/defensoriaformosa.gob.ar\/index.php?rest_route=\/wp\/v2\/users\/1"}],"replies":[{"embeddable":true,"href":"https:\/\/defensoriaformosa.gob.ar\/index.php?rest_route=%2Fwp%2Fv2%2Fcomments&post=15569"}],"version-history":[{"count":1,"href":"https:\/\/defensoriaformosa.gob.ar\/index.php?rest_route=\/wp\/v2\/posts\/15569\/revisions"}],"predecessor-version":[{"id":15571,"href":"https:\/\/defensoriaformosa.gob.ar\/index.php?rest_route=\/wp\/v2\/posts\/15569\/revisions\/15571"}],"wp:featuredmedia":[{"embeddable":true,"href":"https:\/\/defensoriaformosa.gob.ar\/index.php?rest_route=\/wp\/v2\/media\/15570"}],"wp:attachment":[{"href":"https:\/\/defensoriaformosa.gob.ar\/index.php?rest_route=%2Fwp%2Fv2%2Fmedia&parent=15569"}],"wp:term":[{"taxonomy":"category","embeddable":true,"href":"https:\/\/defensoriaformosa.gob.ar\/index.php?rest_route=%2Fwp%2Fv2%2Fcategories&post=15569"},{"taxonomy":"post_tag","embeddable":true,"href":"https:\/\/defensoriaformosa.gob.ar\/index.php?rest_route=%2Fwp%2Fv2%2Ftags&post=15569"}],"curies":[{"name":"wp","href":"https:\/\/api.w.org\/{rel}","templated":true}]}}