{"id":15566,"date":"2024-09-09T17:31:38","date_gmt":"2024-09-09T20:31:38","guid":{"rendered":"https:\/\/defensoriaformosa.gob.ar\/?p=15566"},"modified":"2024-09-09T17:31:38","modified_gmt":"2024-09-09T20:31:38","slug":"en-el-dia-mundial-para-la-prevencion-del-suicidio-se-llamo-a-dejar-de-lado-las-estigmatizaciones-y-fomentar-una-cultura-de-apoyo-y-comprension","status":"publish","type":"post","link":"https:\/\/defensoriaformosa.gob.ar\/?p=15566","title":{"rendered":"EN EL DIA MUNDIAL PARA LA PREVENCION DEL SUICIDIO SE LLAMO A DEJAR DE LADO LAS ESTIGMATIZACIONES Y FOMENTAR UNA CULTURA DE APOYO Y COMPRENSION"},"content":{"rendered":"<p><strong>-Preparan un \u201cCentro de Escucha\u201d para prevenir el Suicidio Adolescente, creando conciencia y promoviendo una cultura de apoyo. Conforme datos que surgen del Sistema Nacional de Informaci\u00f3n Criminal, en Argentina durante el 2023 se registraron 4.195 suicidios, un 6% m\u00e1s que el a\u00f1o anterior, hasta el 2019 las causas viales superaban a los suicidios entre las muertes violentas, luego esto se invirti\u00f3. La Provincia con m\u00e1s suicidios del Pa\u00eds ajustada por poblaci\u00f3n es Entre R\u00edos, con una tasa de 18,8%. En nuestra Provincia, entre enero del 2023 a agosto del 2024, se registran 54 casos, lo que representa un 0,89% cada 100 mil habitantes; clasificados por sexo, tenemos 44 masculinos y 10 femeninos; un 84,40% por ahorcamiento, un 11,1% arma de fuego, 1,83% arma blanca, 0,92% consumo de sustancia, 0,92 asfixia por sumersi\u00f3n, 0,92% quemado-<\/strong><\/p>\n<p><!--more--><\/p>\n<p>La Defensor\u00eda del Pueblo de la Provincia de Formosa, junto al Responsable de la Oficina de la Defensor\u00eda del Pueblo Naci\u00f3n, Dr. Julio N\u00e9stor Santander, anunciaron que, se encuentran trabajando en un -Centro de Escucha- para prevenir el suicidio adolescente, tarea que ser\u00e1 coordinada conjuntamente con el Director de Salud Mental y Prevenci\u00f3n de Adicciones del M.D.H. Lic. Marcelo Kremis y otras \u00c1reas del Estado Provincial. En este sentido, se resalt\u00f3 que mediante la Ley Provincial N\u00ba 1.734\/24, la Legislatura adhiri\u00f3 a la Ley Nacional de Prevenci\u00f3n del Suicidio N\u00ba 27.130, que declara de Inter\u00e9s Nacional la atenci\u00f3n biopsicosocial, la investigaci\u00f3n cient\u00edfica y epidemiol\u00f3gica, cuyos principales puntos son; establecer la atenci\u00f3n a personas en riesgo de suicidio, la asistencia a las familias, la capacitaci\u00f3n profesional en la detecci\u00f3n y atenci\u00f3n y el abordaje coordinado, interdisciplinario e interinstitucional de la problem\u00e1tica del suicidio.<\/p>\n<p>El citado centro, ser\u00e1 un lugar al que puedan contactarse las personas en situaci\u00f3n de crisis o sufrimiento por diversos motivos de la vida cotidiana, como, por ejemplo: dificultades familiares, de pareja, en el trabajo, en los estudios, adicciones u otros. A los mismos, se les brindar\u00e1 un acompa\u00f1amiento individual gratuito que les permitir\u00e1 clarificar situaciones y tomar decisiones en momentos dif\u00edciles, aliviando los sentimientos de sufrimiento, todo lo cual, tambi\u00e9n podr\u00e1 ser realizado por distintos canales de comunicaci\u00f3n, v\u00eda video llamadas, llamadas de voz o v\u00eda chat, adem\u00e1s de las atenciones presenciales, excluy\u00e9ndose espec\u00edficamente en estos casos, a las personas con patolog\u00edas graves o severas, las cuales, deben ser atendidas en otros lugares.<\/p>\n<p>Por su parte, el Ombudsman Provincial, expres\u00f3 que la idea fundamental es hacer de intermediarios para que los adolescentes puedan desahogarse y no tomen decisiones apresuradas, rompiendo prejuicios muy arraigados \u201ccomo que hablar con un psic\u00f3logo o especialista es solo para locos\u201d, cuando las asistencias con profesionales y las charlas pueden ser de gran contenci\u00f3n, cre\u00e1ndose los espacios necesarios con la finalidad de que los j\u00f3venes hagan uso de estos puentes que les permitan transitar hacia una soluci\u00f3n de los problemas m\u00e1s frecuentes que los aquejan en la actualidad.<\/p>\n","protected":false},"excerpt":{"rendered":"<p>-Preparan un \u201cCentro de Escucha\u201d para prevenir el Suicidio Adolescente, creando conciencia y promoviendo una cultura de apoyo. Conforme datos que surgen del Sistema Nacional de Informaci\u00f3n Criminal, en Argentina durante el 2023 se registraron 4.195 suicidios, un 6% m\u00e1s que el a\u00f1o anterior, hasta el 2019 las causas viales superaban a los suicidios entre [&hellip;]<\/p>\n","protected":false},"author":1,"featured_media":15567,"comment_status":"closed","ping_status":"closed","sticky":false,"template":"","format":"standard","meta":{"footnotes":""},"categories":[1],"tags":[],"class_list":["post-15566","post","type-post","status-publish","format-standard","has-post-thumbnail","hentry","category-noticias"],"_links":{"self":[{"href":"https:\/\/defensoriaformosa.gob.ar\/index.php?rest_route=\/wp\/v2\/posts\/15566","targetHints":{"allow":["GET"]}}],"collection":[{"href":"https:\/\/defensoriaformosa.gob.ar\/index.php?rest_route=\/wp\/v2\/posts"}],"about":[{"href":"https:\/\/defensoriaformosa.gob.ar\/index.php?rest_route=\/wp\/v2\/types\/post"}],"author":[{"embeddable":true,"href":"https:\/\/defensoriaformosa.gob.ar\/index.php?rest_route=\/wp\/v2\/users\/1"}],"replies":[{"embeddable":true,"href":"https:\/\/defensoriaformosa.gob.ar\/index.php?rest_route=%2Fwp%2Fv2%2Fcomments&post=15566"}],"version-history":[{"count":1,"href":"https:\/\/defensoriaformosa.gob.ar\/index.php?rest_route=\/wp\/v2\/posts\/15566\/revisions"}],"predecessor-version":[{"id":15568,"href":"https:\/\/defensoriaformosa.gob.ar\/index.php?rest_route=\/wp\/v2\/posts\/15566\/revisions\/15568"}],"wp:featuredmedia":[{"embeddable":true,"href":"https:\/\/defensoriaformosa.gob.ar\/index.php?rest_route=\/wp\/v2\/media\/15567"}],"wp:attachment":[{"href":"https:\/\/defensoriaformosa.gob.ar\/index.php?rest_route=%2Fwp%2Fv2%2Fmedia&parent=15566"}],"wp:term":[{"taxonomy":"category","embeddable":true,"href":"https:\/\/defensoriaformosa.gob.ar\/index.php?rest_route=%2Fwp%2Fv2%2Fcategories&post=15566"},{"taxonomy":"post_tag","embeddable":true,"href":"https:\/\/defensoriaformosa.gob.ar\/index.php?rest_route=%2Fwp%2Fv2%2Ftags&post=15566"}],"curies":[{"name":"wp","href":"https:\/\/api.w.org\/{rel}","templated":true}]}}