{"id":15563,"date":"2024-09-08T07:10:03","date_gmt":"2024-09-08T10:10:03","guid":{"rendered":"https:\/\/defensoriaformosa.gob.ar\/?p=15563"},"modified":"2024-09-09T07:11:52","modified_gmt":"2024-09-09T10:11:52","slug":"reclaman-al-gobierno-nacional-la-derogacion-del-decreto-que-restringe-el-acceso-a-la-informacion-publica","status":"publish","type":"post","link":"https:\/\/defensoriaformosa.gob.ar\/?p=15563","title":{"rendered":"RECLAMAN AL GOBIERNO NACIONAL LA DEROGACI\u00d3N DEL DECRETO QUE RESTRINGE EL ACCESO A LA INFORMACI\u00d3N P\u00daBLICA"},"content":{"rendered":"<p><strong>-Defensor\u00edas de Formosa y todo el Pa\u00eds rechazan la limitaci\u00f3n a la Ley de Informaci\u00f3n P\u00fablica-<\/strong><\/p>\n<p><!--more--><\/p>\n<p>El Organismo de la Constituci\u00f3n Provincial, adhiri\u00f3 al comunicado de las Defensor\u00edas del Pueblo de todo el Pa\u00eds en desacuerdo con la nueva reglamentaci\u00f3n que hizo el Presidente Javier Milei a la Ley de Informaci\u00f3n P\u00fablica, a la que califica como desigual y autoritaria.<\/p>\n<p>La Asociaci\u00f3n de Defensores y Defensoras del Pueblo de la Rep\u00fablica Argentina (ADPRA), de la que Formosa es parte, defini\u00f3 como regresivo el Decreto N\u00ba 780\/2024 dictado por el Poder Ejecutivo Nacional que modific\u00f3 la reglamentaci\u00f3n de la Ley de Acceso a la Informaci\u00f3n P\u00fablica, ya que consider\u00f3 que \u201crestringe el acceso a la informaci\u00f3n p\u00fablica por parte de la ciudadan\u00eda, obstaculiza su uso y acota los datos que las personas en ejercicio de la funci\u00f3n p\u00fablica est\u00e1n obligadas a suministrar\u201d. La disponibilidad de la informaci\u00f3n p\u00fablica es un pilar fundamental en las sociedades democr\u00e1ticas, ya que permite a la poblaci\u00f3n estar informada y participar de manera activa en la toma de decisiones de sus gobiernos.<\/p>\n<p>La falta de acceso a la misma puede llevar a la opacidad, la corrupci\u00f3n y el abuso de poder, socavando los principios fundamentales de la democracia, es a trav\u00e9s de la informaci\u00f3n veraz y objetiva que podemos construir una sociedad m\u00e1s justa, igualitaria y democr\u00e1tica, asegur\u00f3 el Defensor del Pueblo de la Provincia de Formosa, Dr. Jos\u00e9 Leonardo Gialluca.<\/p>\n<p>El comunicado de ADPRA tambi\u00e9n advierten que el decreto implica una injerencia indebida sobre las competencias de la Agencia Nacional de Acceso a la Informaci\u00f3n P\u00fablica, que debilita su car\u00e1cter aut\u00e1rquico y su autonom\u00eda funcional. De acuerdo con lo expresado, el Defensor del Pueblo, en su car\u00e1cter de Vicepresidente II de ADPRA, solicit\u00f3 al Gobierno nacional que revea su decisi\u00f3n, \u201cse revierta esta medida restrictiva y se garantice el pleno acceso a la informaci\u00f3n p\u00fablica en beneficio de la sociedad\u201d.<\/p>\n","protected":false},"excerpt":{"rendered":"<p>-Defensor\u00edas de Formosa y todo el Pa\u00eds rechazan la limitaci\u00f3n a la Ley de Informaci\u00f3n P\u00fablica-<\/p>\n","protected":false},"author":1,"featured_media":15564,"comment_status":"closed","ping_status":"closed","sticky":false,"template":"","format":"standard","meta":{"footnotes":""},"categories":[1],"tags":[],"class_list":["post-15563","post","type-post","status-publish","format-standard","has-post-thumbnail","hentry","category-noticias"],"_links":{"self":[{"href":"https:\/\/defensoriaformosa.gob.ar\/index.php?rest_route=\/wp\/v2\/posts\/15563","targetHints":{"allow":["GET"]}}],"collection":[{"href":"https:\/\/defensoriaformosa.gob.ar\/index.php?rest_route=\/wp\/v2\/posts"}],"about":[{"href":"https:\/\/defensoriaformosa.gob.ar\/index.php?rest_route=\/wp\/v2\/types\/post"}],"author":[{"embeddable":true,"href":"https:\/\/defensoriaformosa.gob.ar\/index.php?rest_route=\/wp\/v2\/users\/1"}],"replies":[{"embeddable":true,"href":"https:\/\/defensoriaformosa.gob.ar\/index.php?rest_route=%2Fwp%2Fv2%2Fcomments&post=15563"}],"version-history":[{"count":1,"href":"https:\/\/defensoriaformosa.gob.ar\/index.php?rest_route=\/wp\/v2\/posts\/15563\/revisions"}],"predecessor-version":[{"id":15565,"href":"https:\/\/defensoriaformosa.gob.ar\/index.php?rest_route=\/wp\/v2\/posts\/15563\/revisions\/15565"}],"wp:featuredmedia":[{"embeddable":true,"href":"https:\/\/defensoriaformosa.gob.ar\/index.php?rest_route=\/wp\/v2\/media\/15564"}],"wp:attachment":[{"href":"https:\/\/defensoriaformosa.gob.ar\/index.php?rest_route=%2Fwp%2Fv2%2Fmedia&parent=15563"}],"wp:term":[{"taxonomy":"category","embeddable":true,"href":"https:\/\/defensoriaformosa.gob.ar\/index.php?rest_route=%2Fwp%2Fv2%2Fcategories&post=15563"},{"taxonomy":"post_tag","embeddable":true,"href":"https:\/\/defensoriaformosa.gob.ar\/index.php?rest_route=%2Fwp%2Fv2%2Ftags&post=15563"}],"curies":[{"name":"wp","href":"https:\/\/api.w.org\/{rel}","templated":true}]}}