{"id":15560,"date":"2024-09-06T07:07:31","date_gmt":"2024-09-06T10:07:31","guid":{"rendered":"https:\/\/defensoriaformosa.gob.ar\/?p=15560"},"modified":"2024-09-09T07:09:58","modified_gmt":"2024-09-09T10:09:58","slug":"el-proceso-de-inscripcion-al-rase-continuara-abierto-para-quienes-necesiten-actualizar-sus-datos-o-anotarse-por-primera-vez","status":"publish","type":"post","link":"https:\/\/defensoriaformosa.gob.ar\/?p=15560","title":{"rendered":"EL PROCESO DE INSCRIPCION AL RASE CONTINUARA ABIERTO PARA QUIENES NECESITEN ACTUALIZAR SUS DATOS O ANOTARSE POR PRIMERA VEZ"},"content":{"rendered":"<p><strong>-Gialluca se\u00f1al\u00f3 que, con los \u00edndices de pobreza en aumento permanente, llegando en el primer semestre del a\u00f1o al 55,5% de la poblaci\u00f3n y la indigencia al 17,5% en el mismo per\u00edodo, hemos podido obtener que la inscripci\u00f3n a la segmentaci\u00f3n energ\u00e9tica contin\u00fae abierta y esto es fundamental, pues vienen meses de altos consumos por los calores de nuestro verano-<\/strong><\/p>\n<p><!--more--><\/p>\n<p>El Defensor del Pueblo de la Provincia de Formosa, Dr. Jos\u00e9 Leonardo Gialluca, se\u00f1al\u00f3 que, a trav\u00e9s de la Disposici\u00f3n N\u00ba 01\/24 de la Subsecretaria de Transici\u00f3n y Planeamiento Energ\u00e9tico a cargo de Mariela Beljansky y que estableciera que en fecha 4 de septiembre venc\u00eda el plazo para que los usuarios residenciales que reciben la tarifa social y\/o nunca se inscribieron en el RASE se pudieran anotar en el registro y as\u00ed obtener el nivel de subsidio que les correspondiere, \u201cen el d\u00eda de la fecha, desde la Secretaria de Energ\u00eda de Naci\u00f3n, se inform\u00f3 que el registro quedar\u00e1 abierto para todos los usuarios, tanto para actualizar su informaci\u00f3n personal, como para anotarse por primera vez\u201d. El Funcionario Provincial, ilustr\u00f3 que, en la ma\u00f1ana de este viernes 6 hemos podido seguir inscribiendo a distintos usuarios residenciales, por lo que, continuaremos trabajando en este proceso de inclusi\u00f3n, tanto en nuestra Sede de Padre Pati\u00f1o N\u00ba 831, como en algunos otros lugares que ser\u00e1n dados a conocer m\u00e1s adelante.<\/p>\n<p>Gialluca aclar\u00f3, que m\u00e1s all\u00e1 de lo que algunos multimedios nacionales mal informan, en este tema nos manejamos directamente con las \u00c1reas T\u00e9cnicas de la Secretaria de Energ\u00eda de Naci\u00f3n y de esta manera, estamos en condiciones de afirmar que, el registro siempre va a quedar abierto. La fecha de caducidad que exist\u00eda, era relacionada con aquellos que estaban recibiendo la categorizaci\u00f3n como Nivel 2 de forma autom\u00e1tica. Esto significa que, aunque estos hogares pierdan temporalmente los subsidios, podr\u00e1n volver a inscribirse en cualquier momento para recuperarlos, siempre y cuando cumplan con los requisitos establecidos por el Gobierno Nacional. Adem\u00e1s, el sistema de segmentaci\u00f3n permanece accesible para aquellos usuarios que deseen actualizar su informaci\u00f3n personal. En cualquier momento, si los usuarios lo consideran necesario, pueden ingresar nuevamente a la p\u00e1gina donde hicieron oportunamente la inscripci\u00f3n y actualizar los datos de su grupo familiar.<\/p>\n<p>Este proceso puede realizarse en www.argentina.gob.ar\/subsidios utilizando el n\u00famero de tr\u00e1mite que recibieron al momento de la inscripci\u00f3n original. En esta tarea, continuaremos trabajando con el EROSP, REFSA, Municipios, Comisiones de Fomento y diversas entidades civiles y pol\u00edticas, asesorando y asistiendo a los usuarios que tengan dudas sobre su nivel de segmentaci\u00f3n o el tr\u00e1mite de inscripci\u00f3n. Fundamentalmente estamos para orientar a los usuarios, para que sepan leer la factura y entender su nivel de segmentaci\u00f3n, adem\u00e1s de asistirlos con el tr\u00e1mite, en una situaci\u00f3n social y econ\u00f3mica, donde el aumento en el precio de los servicios p\u00fablicos esenciales, golpea duramente el bolsillo y la econom\u00eda familiar de todas las familias en nuestro pa\u00eds.<\/p>\n","protected":false},"excerpt":{"rendered":"<p>-Gialluca se\u00f1al\u00f3 que, con los \u00edndices de pobreza en aumento permanente, llegando en el primer semestre del a\u00f1o al 55,5% de la poblaci\u00f3n y la indigencia al 17,5% en el mismo per\u00edodo, hemos podido obtener que la inscripci\u00f3n a la segmentaci\u00f3n energ\u00e9tica contin\u00fae abierta y esto es fundamental, pues vienen meses de altos consumos por [&hellip;]<\/p>\n","protected":false},"author":1,"featured_media":15561,"comment_status":"closed","ping_status":"closed","sticky":false,"template":"","format":"standard","meta":{"footnotes":""},"categories":[15,3],"tags":[],"class_list":["post-15560","post","type-post","status-publish","format-standard","has-post-thumbnail","hentry","category-servicios","category-defensa-de-los-derechos-del-usuario-consumidor-contribuyentes"],"_links":{"self":[{"href":"https:\/\/defensoriaformosa.gob.ar\/index.php?rest_route=\/wp\/v2\/posts\/15560","targetHints":{"allow":["GET"]}}],"collection":[{"href":"https:\/\/defensoriaformosa.gob.ar\/index.php?rest_route=\/wp\/v2\/posts"}],"about":[{"href":"https:\/\/defensoriaformosa.gob.ar\/index.php?rest_route=\/wp\/v2\/types\/post"}],"author":[{"embeddable":true,"href":"https:\/\/defensoriaformosa.gob.ar\/index.php?rest_route=\/wp\/v2\/users\/1"}],"replies":[{"embeddable":true,"href":"https:\/\/defensoriaformosa.gob.ar\/index.php?rest_route=%2Fwp%2Fv2%2Fcomments&post=15560"}],"version-history":[{"count":1,"href":"https:\/\/defensoriaformosa.gob.ar\/index.php?rest_route=\/wp\/v2\/posts\/15560\/revisions"}],"predecessor-version":[{"id":15562,"href":"https:\/\/defensoriaformosa.gob.ar\/index.php?rest_route=\/wp\/v2\/posts\/15560\/revisions\/15562"}],"wp:featuredmedia":[{"embeddable":true,"href":"https:\/\/defensoriaformosa.gob.ar\/index.php?rest_route=\/wp\/v2\/media\/15561"}],"wp:attachment":[{"href":"https:\/\/defensoriaformosa.gob.ar\/index.php?rest_route=%2Fwp%2Fv2%2Fmedia&parent=15560"}],"wp:term":[{"taxonomy":"category","embeddable":true,"href":"https:\/\/defensoriaformosa.gob.ar\/index.php?rest_route=%2Fwp%2Fv2%2Fcategories&post=15560"},{"taxonomy":"post_tag","embeddable":true,"href":"https:\/\/defensoriaformosa.gob.ar\/index.php?rest_route=%2Fwp%2Fv2%2Ftags&post=15560"}],"curies":[{"name":"wp","href":"https:\/\/api.w.org\/{rel}","templated":true}]}}