{"id":15547,"date":"2024-09-03T17:50:27","date_gmt":"2024-09-03T20:50:27","guid":{"rendered":"https:\/\/defensoriaformosa.gob.ar\/?p=15547"},"modified":"2024-09-03T17:50:27","modified_gmt":"2024-09-03T20:50:27","slug":"defensores-del-pueblo-rechazan-la-reglamentacion-de-la-ley-de-acceso-a-la-informacion-publica","status":"publish","type":"post","link":"https:\/\/defensoriaformosa.gob.ar\/?p=15547","title":{"rendered":"DEFENSORES DEL PUEBLO RECHAZAN LA REGLAMENTACION DE LA LEY DE ACCESO A LA INFORMACION PUBLICA"},"content":{"rendered":"<p><strong>-Solicitan, se deje sin efecto la misma y calificaron a esta como regresiva, cuestionando los nuevos requisitos que se deben presentar por parte de la Ciudadan\u00eda y Organizaciones de la Sociedad Civil, para acceder a la informaci\u00f3n p\u00fablica-<\/strong><\/p>\n<p><!--more--><\/p>\n<p>En el d\u00eda de la fecha, la Comisi\u00f3n Directiva de ADPRA, presidida por la Dra. Mar\u00eda Rosa Mui\u00f1os, Defensora del Pueblo de CABA y con la firma del Vicepresidente II, Dr. Jos\u00e9 Leonardo Gialluca, solicitaron al Jefe de Gabinete de Naci\u00f3n, Dr. Guillermo Alberto Francos y a las Comisiones de Legislaci\u00f3n General y Asuntos Constitucionales, tanto de la C\u00e1mara de Diputados, como de Senadores del Congreso de la Naci\u00f3n, como as\u00ed tambi\u00e9n, a la Titular de la Agencia de Acceso a la Informaci\u00f3n P\u00fablica, Beatriz Anchorena, \u201cse deje sin efecto la reglamentaci\u00f3n de la Ley de Acceso a la Informaci\u00f3n P\u00fablica\u201d.<\/p>\n<p>Todos los Defensores del Pueblo del Pa\u00eds, expresaron su rechazo al dictado del Decreto 780\/2024, a trav\u00e9s del cual el P.E.N. reglament\u00f3 la Ley de Acceso a la Informaci\u00f3n P\u00fablica, en un sentido claramente restrictivo. La Asociaci\u00f3n calific\u00f3 de regresiva a la definici\u00f3n de informaci\u00f3n p\u00fablica contenida en la iniciativa oficial y cuestion\u00f3 la inclusi\u00f3n de nuevos requisitos para la presentaci\u00f3n de pedidos por parte de la ciudadan\u00eda y organizaciones de la sociedad civil. Se\u00f1al\u00f3, que as\u00ed planteada, la reglamentaci\u00f3n obstaculiza el uso de la herramienta y acota de manera grosera los datos que est\u00e1n obligadas a suministrar las personas en ejercicio de funciones p\u00fablicas, desvirtuando el sentido de la Ley vigente y los est\u00e1ndares internacionales que plantean como principio la m\u00e1xima divulgaci\u00f3n.<\/p>\n<p>ADPRA tambi\u00e9n advirti\u00f3 que, el Decreto implica una injerencia indebida sobre las competencias de la Agencia Nacional de Acceso a la Informaci\u00f3n P\u00fablica, que debilita su car\u00e1cter aut\u00e1rquico y su autonom\u00eda funcional.<\/p>\n<p>&nbsp;<\/p>\n","protected":false},"excerpt":{"rendered":"<p>-Solicitan, se deje sin efecto la misma y calificaron a esta como regresiva, cuestionando los nuevos requisitos que se deben presentar por parte de la Ciudadan\u00eda y Organizaciones de la Sociedad Civil, para acceder a la informaci\u00f3n p\u00fablica-<\/p>\n","protected":false},"author":1,"featured_media":15548,"comment_status":"closed","ping_status":"closed","sticky":false,"template":"","format":"standard","meta":{"footnotes":""},"categories":[1],"tags":[],"class_list":["post-15547","post","type-post","status-publish","format-standard","has-post-thumbnail","hentry","category-noticias"],"_links":{"self":[{"href":"https:\/\/defensoriaformosa.gob.ar\/index.php?rest_route=\/wp\/v2\/posts\/15547","targetHints":{"allow":["GET"]}}],"collection":[{"href":"https:\/\/defensoriaformosa.gob.ar\/index.php?rest_route=\/wp\/v2\/posts"}],"about":[{"href":"https:\/\/defensoriaformosa.gob.ar\/index.php?rest_route=\/wp\/v2\/types\/post"}],"author":[{"embeddable":true,"href":"https:\/\/defensoriaformosa.gob.ar\/index.php?rest_route=\/wp\/v2\/users\/1"}],"replies":[{"embeddable":true,"href":"https:\/\/defensoriaformosa.gob.ar\/index.php?rest_route=%2Fwp%2Fv2%2Fcomments&post=15547"}],"version-history":[{"count":1,"href":"https:\/\/defensoriaformosa.gob.ar\/index.php?rest_route=\/wp\/v2\/posts\/15547\/revisions"}],"predecessor-version":[{"id":15549,"href":"https:\/\/defensoriaformosa.gob.ar\/index.php?rest_route=\/wp\/v2\/posts\/15547\/revisions\/15549"}],"wp:featuredmedia":[{"embeddable":true,"href":"https:\/\/defensoriaformosa.gob.ar\/index.php?rest_route=\/wp\/v2\/media\/15548"}],"wp:attachment":[{"href":"https:\/\/defensoriaformosa.gob.ar\/index.php?rest_route=%2Fwp%2Fv2%2Fmedia&parent=15547"}],"wp:term":[{"taxonomy":"category","embeddable":true,"href":"https:\/\/defensoriaformosa.gob.ar\/index.php?rest_route=%2Fwp%2Fv2%2Fcategories&post=15547"},{"taxonomy":"post_tag","embeddable":true,"href":"https:\/\/defensoriaformosa.gob.ar\/index.php?rest_route=%2Fwp%2Fv2%2Ftags&post=15547"}],"curies":[{"name":"wp","href":"https:\/\/api.w.org\/{rel}","templated":true}]}}