{"id":15542,"date":"2024-09-02T21:59:26","date_gmt":"2024-09-03T00:59:26","guid":{"rendered":"https:\/\/defensoriaformosa.gob.ar\/?p=15542"},"modified":"2024-09-02T21:59:26","modified_gmt":"2024-09-03T00:59:26","slug":"a-dos-dias-de-vencer-el-plazo-para-inscribirse-en-el-rase-desde-la-defensoria-se-convoco-a-los-usuarios-residenciales-que-no-lo-hayan-realizado","status":"publish","type":"post","link":"https:\/\/defensoriaformosa.gob.ar\/?p=15542","title":{"rendered":"A DOS DIAS DE VENCER EL PLAZO PARA INSCRIBIRSE EN EL RASE, DESDE LA DEFENSORIA, SE CONVOCO A LOS USUARIOS RESIDENCIALES QUE NO LO HAYAN REALIZADO"},"content":{"rendered":"<p><strong>-Gialluca inform\u00f3 que, conforme datos brindados desde la Secretaria de Energ\u00eda de Naci\u00f3n, nuestra Provincia viene realizando un muy buen trabajo de segmentaci\u00f3n, \u201cy se constituye de esta manera en el segundo distrito con mejores porcentajes de inscripciones a nivel Pa\u00eds\u201d.<\/strong><\/p>\n<p><!--more--><\/p>\n<p>Este martes y mi\u00e9rcoles, se continuar\u00e1 atendiendo en la Sede de Padre Pati\u00f1o N\u00ba 831 de 8:00 a 13:00 y de 18:00 a 20:00 horas, como as\u00ed tambi\u00e9n, en el Centro de Inclusi\u00f3n Digital en el Barrio Lote 111 de 9:00 a 12:00 horas<\/p>\n<p>Debido a las Resoluciones del Gobierno Nacional, entre ellas la 92\/24, los aumentos en la tarifa de energ\u00eda, afectar\u00e1n a todas las provincias, por ello, desde la Defensor\u00eda del Pueblo de la Provincia, se advirti\u00f3 que, se ver\u00e1n mayormente afectados los usuarios de menores recursos y sugirieron en estos \u00faltimos dos d\u00edas, empadronarse en el RASE, para evitar la quita de subsidios y no ser encuadrados como N1, con lo cual, deber\u00e1n pagar una tarifa plena. En Formosa hay 153.576 usuarios que est\u00e1n dentro de la Tarifa Social Nacional y se los categoriza como N2.<\/p>\n<p>Actualmente los usuarios se encuentran divididos en 3 categor\u00edas en base a los niveles de ingresos que perciben seg\u00fan la segmentaci\u00f3n de subsidios vigente desde el a\u00f1o 2022: * Altos ingresos (Nivel 1), * Ingresos bajos (Nivel 2) e * Ingresos Medios (Nivel 3), agrav\u00e1ndose la situaci\u00f3n con la Resoluci\u00f3n N\u00ba 90\/2024, de la Secretar\u00eda de Energ\u00eda que modific\u00f3 en junio de este a\u00f1o los topes de consumo m\u00e1ximos subsidiados y las bonificaciones sobre los precios mayoristas de energ\u00eda el\u00e9ctrica para los usuarios agrupados en los niveles N2 y N3. Los N2 perciben subsidios a un l\u00edmite m\u00e1ximo de consumo de 350 kwh por mes, por lo que pagan pleno por el excedente. Los N3 perciben subvenciones a un l\u00edmite m\u00e1ximo de consumo por 250 kwh mensuales.<\/p>\n<p>El Ombudsman Provincial, Dr. Jos\u00e9 Leonardo Gialluca, afirm\u00f3 que el panorama es muy complejo y que los costos de las facturas van a depender, por un lado, de la categor\u00eda tarifaria y por otro, de los consumos que se realicen. Los residenciales N1, que no tienen ning\u00fan tipo de subsidio, van a tener incrementos del orden del 15%, los N2 que son las personas de menores recursos, los aumentos por ahora ser\u00e1n del orden del 25% y los N3, esto es ingresos medios, las subas se situar\u00e1n en el orden de un 50%, por lo que, en todos los casos, los costos ser\u00e1n m\u00e1s altos si los consumos son mayores que el a\u00f1o pasado en la misma \u00e9poca del a\u00f1o.<\/p>\n","protected":false},"excerpt":{"rendered":"<p>-Gialluca inform\u00f3 que, conforme datos brindados desde la Secretaria de Energ\u00eda de Naci\u00f3n, nuestra Provincia viene realizando un muy buen trabajo de segmentaci\u00f3n, \u201cy se constituye de esta manera en el segundo distrito con mejores porcentajes de inscripciones a nivel Pa\u00eds\u201d.<\/p>\n","protected":false},"author":1,"featured_media":15543,"comment_status":"closed","ping_status":"closed","sticky":false,"template":"","format":"standard","meta":{"footnotes":""},"categories":[3],"tags":[],"class_list":["post-15542","post","type-post","status-publish","format-standard","has-post-thumbnail","hentry","category-defensa-de-los-derechos-del-usuario-consumidor-contribuyentes"],"_links":{"self":[{"href":"https:\/\/defensoriaformosa.gob.ar\/index.php?rest_route=\/wp\/v2\/posts\/15542","targetHints":{"allow":["GET"]}}],"collection":[{"href":"https:\/\/defensoriaformosa.gob.ar\/index.php?rest_route=\/wp\/v2\/posts"}],"about":[{"href":"https:\/\/defensoriaformosa.gob.ar\/index.php?rest_route=\/wp\/v2\/types\/post"}],"author":[{"embeddable":true,"href":"https:\/\/defensoriaformosa.gob.ar\/index.php?rest_route=\/wp\/v2\/users\/1"}],"replies":[{"embeddable":true,"href":"https:\/\/defensoriaformosa.gob.ar\/index.php?rest_route=%2Fwp%2Fv2%2Fcomments&post=15542"}],"version-history":[{"count":1,"href":"https:\/\/defensoriaformosa.gob.ar\/index.php?rest_route=\/wp\/v2\/posts\/15542\/revisions"}],"predecessor-version":[{"id":15544,"href":"https:\/\/defensoriaformosa.gob.ar\/index.php?rest_route=\/wp\/v2\/posts\/15542\/revisions\/15544"}],"wp:featuredmedia":[{"embeddable":true,"href":"https:\/\/defensoriaformosa.gob.ar\/index.php?rest_route=\/wp\/v2\/media\/15543"}],"wp:attachment":[{"href":"https:\/\/defensoriaformosa.gob.ar\/index.php?rest_route=%2Fwp%2Fv2%2Fmedia&parent=15542"}],"wp:term":[{"taxonomy":"category","embeddable":true,"href":"https:\/\/defensoriaformosa.gob.ar\/index.php?rest_route=%2Fwp%2Fv2%2Fcategories&post=15542"},{"taxonomy":"post_tag","embeddable":true,"href":"https:\/\/defensoriaformosa.gob.ar\/index.php?rest_route=%2Fwp%2Fv2%2Ftags&post=15542"}],"curies":[{"name":"wp","href":"https:\/\/api.w.org\/{rel}","templated":true}]}}