{"id":15533,"date":"2024-08-31T23:40:36","date_gmt":"2024-09-01T02:40:36","guid":{"rendered":"https:\/\/defensoriaformosa.gob.ar\/?p=15533"},"modified":"2024-09-01T23:42:50","modified_gmt":"2024-09-02T02:42:50","slug":"se-dieron-a-conocer-las-acciones-y-espacios-destinados-a-la-prevencion-del-suicidio","status":"publish","type":"post","link":"https:\/\/defensoriaformosa.gob.ar\/?p=15533","title":{"rendered":"SE DIERON A CONOCER LAS ACCIONES Y ESPACIOS DESTINADOS A LA PREVENCI\u00d3N DEL SUICIDIO"},"content":{"rendered":"<p><strong>Gialluca se\u00f1al\u00f3 que, el suicidio es prevenible, pero para esto, debemos continuar trabajando, coordinadamente y sistem\u00e1ticamente, dejando de lado mitos y rumores, para mirar el problema de frente y hacernos cargo desde el Estado, las Organizaciones de la Sociedad Civil, los especialistas, medios de comunicaci\u00f3n, la escuela, la familia y toda la poblaci\u00f3n.<\/strong><\/p>\n<p><!--more--><\/p>\n<p>En una -Reuni\u00f3n de Trabajo- en la Sede de la Defensoria del Pueblo, en la cual participaron, el Director de Salud Mental y Prevenci\u00f3n de Adicciones del M.D.H. Lic. Marcelo Kremis, el Coordinador del Equipo T\u00e9cnico de la Direcci\u00f3n de Ni\u00f1ez y Adolescencia del Ministerio de la Comunidad Dr. Jos\u00e9 Luis Fern\u00e1ndez, junto a la Defensora Adjunta Dra. Sylvina M. Portillo, la Dra. Lourdes Delgadillo y la Secretaria de Actas Ornella Barraza; se abordaron las acciones y espacios que el Estado Provincial realiza y destina a favor de la prevenci\u00f3n del suicidio, sumado a los Protocolos de Actuaci\u00f3n de los Organismos P\u00fablicos, adem\u00e1s de datos estad\u00edsticos e informaci\u00f3n relevante sobre esta problem\u00e1tica.<\/p>\n<p>En este sentido Kremis explico que el suicidio es considerado una epidemiolog\u00eda, porque contiene un aspecto sanitario que se relaciona con la salud mental, agregando que, a nivel nacional, se implement\u00f3 un Sistema de Notificaci\u00f3n Obligatorio de Intento de Suicidios, que es enviado al Sistema Integrado de Informaci\u00f3n Sanitaria Argentino (SISA), donde efect\u00faan estudios de diversas patolog\u00edas para informes estad\u00edsticos. En cuanto a las caracter\u00edsticas de este flagelo, el Lic., Kremis manifiesto, que el suicidio no es una decisi\u00f3n impulsiva, sino que existe un proceso interno en el que tambi\u00e9n se podr\u00edan suceder pedidos de ayuda por parte de la persona, y que, de concretarse un suicidio, podr\u00eda existir la tendencia a replicarse en individuos con v\u00ednculos y caracter\u00edsticas comunes, como los adolescentes.<\/p>\n<p>En la complejidad del tema, se identifican los factores de riesgo o indicadores. Antes la franja etaria alcanzaba a los adultos mayores, hoy predomina en los adolescentes y ni\u00f1os. La tasa en j\u00f3venes subi\u00f3, mientras que la de adultos mayores se mantiene estable. Esto coincide a nivel mundial, ya que la mayor causa de muerte es el suicidio de j\u00f3venes de entre 15 a 25 a\u00f1os. Indico que el m\u00e9todo suicida es el ahorcamiento; en un 80% de los hombres, mujeres un 20%; por arma de fuego: hombres 80%, mujeres 20%.<\/p>\n<p>El m\u00e9todo m\u00e1s utilizado en mujeres es el envenenamiento por psicof\u00e1rmacos. Se\u00f1ala que las estad\u00edsticas indican que las tasas m\u00e1s altas de suicidio, en proporci\u00f3n a la cantidad de habitantes, se dieron en los Departamento Pilag\u00e1s, Laish\u00ed, Formosa y Pilcomayo. Informo que desde el \u00c1rea a su cargo, el Protocolo de Actuaci\u00f3n se activa en una situaci\u00f3n de riesgo inminente, como podr\u00eda ser una crisis psic\u00f3tica u otras \u00a0patolog\u00edas, interviniendo el SIPEC (L\u00ednea 107) y la Polic\u00eda Provincial. Dependiendo de la zona, se hace el traslado a la Guardia de Psiquiatr\u00eda que funciona durante las 24hs en el \u00a0Hospital Central o a la Guardia de Psicolog\u00eda del Hospital Interdistrital 8.<\/p>\n<p>En el Central se cuenta con una Sala de Internaci\u00f3n para el tiempo agudo de crisis, internaci\u00f3n leve, de entre 24 y 72 hs. Si la situaci\u00f3n se agrava, la persona pasa al Hospital Interdistrital 8. En caso de concretarse el suicidio, se realiza la \u201cPosvenci\u00f3n\u201d, que es el seguimiento a familiares, donde tambi\u00e9n se trabaja con el SETIC, realizando intervenciones institucionales, en el caso de ser adolescentes, para contener a sus pares. Las acciones a favor de la prevenci\u00f3n m\u00e1s recientes, se llevaron a cabo en Clorinda, ante casos de adolescentes por el consumo de paco, lo que se conoce all\u00ed como \u201cchespi\u201d, que es el residuo de las cocinas de coca\u00edna que provienen del Paraguay. En esta ciudad se viene realizando un trabajo sostenido en una -Mesa Intersectorial- que incluye al Equipo de Salud del Hospital de Clorinda, Asociaciones Civiles y Religiosas, el Ministerio de la Comunidad y Educaci\u00f3n. Se llevan a cabo charlas de prevenci\u00f3n en instituciones educativas, con la poblaci\u00f3n de riesgo, que son los adolescentes, abord\u00e1ndose el tema puntual de Suicidios. Con los ni\u00f1os se aborda de manera indirecta, ense\u00f1\u00e1ndoles a gestionar emociones o a qu\u00e9 lugares deben recurrir para recibir ayuda. A su turno, el Coordinador del Equipo T\u00e9cnico de la Direcci\u00f3n de Ni\u00f1ez y Adolescencia Dr. Jos\u00e9 Luis Fern\u00e1ndez, explico que es el equipo de la L\u00ednea 102 el encargado de los talleres que se dictan en las escuelas, donde se habla del suicidio, incluido dentro de otras tem\u00e1ticas m\u00e1s generales como la vulneraci\u00f3n de derechos, adem\u00e1s de lo relacionado a la influencia de las redes sociales y la incidencia de internet en las ni\u00f1as\/os y adolescentes.<\/p>\n<p>En todos los casos se realiza un acompa\u00f1amiento inicial, con un Equipo de Trabajadores Sociales y de Psic\u00f3logos y cuando se trata de una situaci\u00f3n que involucra a adicciones, se deriva al IAPA, que tiene los criterios para definir el procedimiento. Finalmente, a\u00f1adi\u00f3 que en los Espacios ECO que se encuentran en la ciudad capital, como tambi\u00e9n en el interior como ser en Mansilla, Clorinda, Ibarreta- se toma conocimiento de diversas problem\u00e1ticas, que se canalizan luego a los organismos espec\u00edficos seg\u00fan las caracter\u00edsticas de cada caso.<\/p>\n","protected":false},"excerpt":{"rendered":"<p>Gialluca se\u00f1al\u00f3 que, el suicidio es prevenible, pero para esto, debemos continuar trabajando, coordinadamente y sistem\u00e1ticamente, dejando de lado mitos y rumores, para mirar el problema de frente y hacernos cargo desde el Estado, las Organizaciones de la Sociedad Civil, los especialistas, medios de comunicaci\u00f3n, la escuela, la familia y toda la poblaci\u00f3n.<\/p>\n","protected":false},"author":1,"featured_media":15534,"comment_status":"closed","ping_status":"closed","sticky":false,"template":"","format":"standard","meta":{"footnotes":""},"categories":[6,3],"tags":[],"class_list":["post-15533","post","type-post","status-publish","format-standard","has-post-thumbnail","hentry","category-salud","category-defensa-de-los-derechos-del-usuario-consumidor-contribuyentes"],"_links":{"self":[{"href":"https:\/\/defensoriaformosa.gob.ar\/index.php?rest_route=\/wp\/v2\/posts\/15533","targetHints":{"allow":["GET"]}}],"collection":[{"href":"https:\/\/defensoriaformosa.gob.ar\/index.php?rest_route=\/wp\/v2\/posts"}],"about":[{"href":"https:\/\/defensoriaformosa.gob.ar\/index.php?rest_route=\/wp\/v2\/types\/post"}],"author":[{"embeddable":true,"href":"https:\/\/defensoriaformosa.gob.ar\/index.php?rest_route=\/wp\/v2\/users\/1"}],"replies":[{"embeddable":true,"href":"https:\/\/defensoriaformosa.gob.ar\/index.php?rest_route=%2Fwp%2Fv2%2Fcomments&post=15533"}],"version-history":[{"count":1,"href":"https:\/\/defensoriaformosa.gob.ar\/index.php?rest_route=\/wp\/v2\/posts\/15533\/revisions"}],"predecessor-version":[{"id":15535,"href":"https:\/\/defensoriaformosa.gob.ar\/index.php?rest_route=\/wp\/v2\/posts\/15533\/revisions\/15535"}],"wp:featuredmedia":[{"embeddable":true,"href":"https:\/\/defensoriaformosa.gob.ar\/index.php?rest_route=\/wp\/v2\/media\/15534"}],"wp:attachment":[{"href":"https:\/\/defensoriaformosa.gob.ar\/index.php?rest_route=%2Fwp%2Fv2%2Fmedia&parent=15533"}],"wp:term":[{"taxonomy":"category","embeddable":true,"href":"https:\/\/defensoriaformosa.gob.ar\/index.php?rest_route=%2Fwp%2Fv2%2Fcategories&post=15533"},{"taxonomy":"post_tag","embeddable":true,"href":"https:\/\/defensoriaformosa.gob.ar\/index.php?rest_route=%2Fwp%2Fv2%2Ftags&post=15533"}],"curies":[{"name":"wp","href":"https:\/\/api.w.org\/{rel}","templated":true}]}}