{"id":15502,"date":"2024-08-22T16:52:10","date_gmt":"2024-08-22T19:52:10","guid":{"rendered":"https:\/\/defensoriaformosa.gob.ar\/?p=15502"},"modified":"2024-08-22T16:52:10","modified_gmt":"2024-08-22T19:52:10","slug":"no-existe-motivo-alguno-para-que-el-gobierno-nacional-vete-la-movilidad-jubilatoria-y-la-recomposicion-de-los-fondos-previsionales-adeudados-a-las-provincias","status":"publish","type":"post","link":"https:\/\/defensoriaformosa.gob.ar\/?p=15502","title":{"rendered":"NO EXISTE MOTIVO ALGUNO PARA QUE EL GOBIERNO NACIONAL VETE LA MOVILIDAD JUBILATORIA Y LA RECOMPOSICION DE LOS FONDOS PREVISIONALES ADEUDADOS A LAS PROVINCIAS"},"content":{"rendered":"<p><strong>-Es evidente la falta de empat\u00eda para con los asalariados y jubilados, cuya m\u00ednima se encuentra en $225.454, habiendo obtenido en agosto una suba del 4,58%-<\/strong><\/p>\n<p><!--more--><\/p>\n<p>Desde la -Direcci\u00f3n de Adultos Mayores- de la Defensor\u00eda del Pueblo de la Provincia de Formosa, se expres\u00f3 que de aprobarse por el Senado, el Proyecto de Ley que tiene media sanci\u00f3n de Diputados, \u201cel cual prev\u00e9 una combinaci\u00f3n entre el IPC y el RIPTE (Remuneraci\u00f3n Imponible Promedio de los Trabajadores Estables), con un ingreso extra del 8,1% que, beneficiar\u00e1 a los jubilados y, por otro lado, una recomposici\u00f3n a los fondos jubilatorios adeudados a las provincias por parte de naci\u00f3n por una suma de $703.515 millones\u201d, no existe ninguna justificaci\u00f3n para que el Gobierno Nacional de Javier Milei aplique un veto, ni siquiera bajo el pretexto de que esta reforma jubilatoria vaya a poner en riesgo el equilibrio fiscal.<\/p>\n<p>Seg\u00fan un informe del Instituto Argentino de An\u00e1lisis Fiscal (IARAF), el recorte al gasto p\u00fablico en los primeros siete meses del a\u00f1o alcanz\u00f3 los $22 billones, en comparaci\u00f3n con 2023 a precios constantes. El 27% del mismo fue a costa de licuar las jubilaciones y pensiones; el 15% lo aport\u00f3 el ajuste en obra p\u00fablica (en detrimento del derecho de la poblaci\u00f3n a acceder a la vivienda y a los servicios esenciales); el 14% obedece al recorte de las transferencias provinciales (de las cuales depende el sostenimiento de la salud y la educaci\u00f3n); el 12% a la poda en subsidios energ\u00e9ticos (con su correlato en tarifazos impagables sobre los usuarios); y el 8% al ajuste en salarios estatales.<\/p>\n<p>En este sentido, el Ombudsman Provincial, Dr. Jos\u00e9 Leonardo Gialluca, afirm\u00f3 que, el Gobierno Nacional obtiene un super\u00e1vit fiscal a expensas de jubilados, pensionados y asalariados, mientras se dilapidan fondos para el espionaje y en intereses a la banca p\u00fablica y privada, habi\u00e9ndose pagado el 80% de los 100 millones de fondos reservados que el Presidente de la Naci\u00f3n otorg\u00f3 a la SIDE, \u201clo que va en contra de las declaraciones permanentes de austeridad en el gasto p\u00fablico que se supone es la piedra fundamental del actual Gobierno Nacional\u201d. El concepto \u201cNo Hay Plata\u201d, se ha convertido en una frase totalmente vac\u00eda de contenido, pues, evidentemente plata hay, pero solo, para lo que quiere o le interesa al Poder Ejecutivo Nacional.<\/p>\n","protected":false},"excerpt":{"rendered":"<p>-Es evidente la falta de empat\u00eda para con los asalariados y jubilados, cuya m\u00ednima se encuentra en $225.454, habiendo obtenido en agosto una suba del 4,58%-<\/p>\n","protected":false},"author":1,"featured_media":15503,"comment_status":"closed","ping_status":"closed","sticky":false,"template":"","format":"standard","meta":{"footnotes":""},"categories":[22,21,3],"tags":[],"class_list":["post-15502","post","type-post","status-publish","format-standard","has-post-thumbnail","hentry","category-adultos","category-seg-social","category-defensa-de-los-derechos-del-usuario-consumidor-contribuyentes"],"_links":{"self":[{"href":"https:\/\/defensoriaformosa.gob.ar\/index.php?rest_route=\/wp\/v2\/posts\/15502","targetHints":{"allow":["GET"]}}],"collection":[{"href":"https:\/\/defensoriaformosa.gob.ar\/index.php?rest_route=\/wp\/v2\/posts"}],"about":[{"href":"https:\/\/defensoriaformosa.gob.ar\/index.php?rest_route=\/wp\/v2\/types\/post"}],"author":[{"embeddable":true,"href":"https:\/\/defensoriaformosa.gob.ar\/index.php?rest_route=\/wp\/v2\/users\/1"}],"replies":[{"embeddable":true,"href":"https:\/\/defensoriaformosa.gob.ar\/index.php?rest_route=%2Fwp%2Fv2%2Fcomments&post=15502"}],"version-history":[{"count":1,"href":"https:\/\/defensoriaformosa.gob.ar\/index.php?rest_route=\/wp\/v2\/posts\/15502\/revisions"}],"predecessor-version":[{"id":15504,"href":"https:\/\/defensoriaformosa.gob.ar\/index.php?rest_route=\/wp\/v2\/posts\/15502\/revisions\/15504"}],"wp:featuredmedia":[{"embeddable":true,"href":"https:\/\/defensoriaformosa.gob.ar\/index.php?rest_route=\/wp\/v2\/media\/15503"}],"wp:attachment":[{"href":"https:\/\/defensoriaformosa.gob.ar\/index.php?rest_route=%2Fwp%2Fv2%2Fmedia&parent=15502"}],"wp:term":[{"taxonomy":"category","embeddable":true,"href":"https:\/\/defensoriaformosa.gob.ar\/index.php?rest_route=%2Fwp%2Fv2%2Fcategories&post=15502"},{"taxonomy":"post_tag","embeddable":true,"href":"https:\/\/defensoriaformosa.gob.ar\/index.php?rest_route=%2Fwp%2Fv2%2Ftags&post=15502"}],"curies":[{"name":"wp","href":"https:\/\/api.w.org\/{rel}","templated":true}]}}