{"id":15478,"date":"2024-08-14T16:41:58","date_gmt":"2024-08-14T19:41:58","guid":{"rendered":"https:\/\/defensoriaformosa.gob.ar\/?p=15478"},"modified":"2024-08-15T16:46:15","modified_gmt":"2024-08-15T19:46:15","slug":"la-defensoria-del-pueblo-conmemoro-el-legado-de-monsenor-pacifico-scozzina","status":"publish","type":"post","link":"https:\/\/defensoriaformosa.gob.ar\/?p=15478","title":{"rendered":"LA DEFENSORIA DEL PUEBLO CONMEMORO EL LEGADO DE MONSE\u00d1OR PACIFICO SCOZZINA"},"content":{"rendered":"<p><strong>Hoy se cumplen 103 a\u00f1os del nacimiento de monse\u00f1or Ra\u00fal Marcelo \u201cPac\u00edfico\u201d Scozzina, primer obispo de Formosa, y continuar\u00e1n las actividades organizadas por la Comisi\u00f3n \u201cCon los ojos del Monse\u201d para celebrar su legado.<\/strong><\/p>\n<p><!--more--><\/p>\n<p>Esta noche, en el Cine-Teatro \u201cItalia\u201d, de 20 a 21.30 se proyectar\u00e1 material audiovisual sobre \u201cFray Pac\u00edfico\u201d. Uno ser\u00e1 \u201cEstaciones\u201d, un cortometraje que aborda el controversial cierre de las Iglesias que impuls\u00f3 para exigir la liberaci\u00f3n del cura franc\u00e9s Santiago Renevot y pobladores de Mayor Villafa\u00f1e.<\/p>\n<p>Tambi\u00e9n se podr\u00e1 ver \u201cEl sembrador\u201d, fragmento del documental que reproduce una extensa entrevista realizada al Obispo en su pueblo natal, San Mart\u00edn Norte (provincia de Santa Fe), adem\u00e1s de recoger cuarenta testimonios de personas cercanas al obispo. Karina Scozzina, sobrina del franciscano, agradeci\u00f3 especialmente por este material a Claudio Ch\u00e1vez, Gabriel S\u00e1nchez y Gerardo Olmedo: \u201cEllos hace 30 a\u00f1os no dimensionaron lo que era registrar la vida del monte contada por \u00e9l\u201d. Se agrega un fragmento de \u201cReconocernos\u201d, el programa de Lapacho Canal 11 conducido por Luis \u201cChingui\u201d Castro, donde es entrevistado Scozzina, y videoclips de la cantata: \u201cPac\u00edfico: otro santo que quiso ser hombre\u201d. Adem\u00e1s, ma\u00f1ana a las 21, en el Sal\u00f3n Franciscano \u201cPadre Salvador Gurrieri\u201d de la Iglesia Catedral, se desarrollar\u00e1 el conversatorio \u201cVoces y miradas sobre la espiritualidad y filosof\u00eda de Scozzina para las nuevas generaciones.<\/p>\n<p>Participar\u00e1n docentes, un m\u00e9dico que lo acompa\u00f1\u00f3 en sus \u00faltimos a\u00f1os y otros testigos de su legado. La velada culminar\u00e1 con una ofrenda musical a cargo de j\u00f3venes artistas, resaltando el compromiso de la juventud formose\u00f1a en mantener viva su memoria. Legado Karina Scozzina destac\u00f3 la importancia de visibilizar su legado y la resonancia que su figura contin\u00faa teniendo en la vida de los formose\u00f1os. \u201cEl \u2018monse\u2019 nos dej\u00f3 un mensaje claro: hacer el bien sin esperar recompensas\u201d, afirm\u00f3, recordando su humildad, paciencia y su capacidad para trabajar en comunidad. \u201cA m\u00ed me atraviesa lo personal, lo familiar, porque al ser sobrina, estoy como impregnada. Despu\u00e9s, viene todo lo que la gente me hace recordar y revivir. Personalmente, creo que hay un trabajo que ha realizado un fraile franciscano, que me conmovi\u00f3 mucho porque hay muchas vetas, pero me quedo con tres: lo silencioso que era, cosa que yo, por lo menos, no lo tengo. Lo otro era su humildad, y finalmente su paciencia. Supo saber esperar el momento, supo entender los sue\u00f1os de Dios en su vida y despu\u00e9s fue obediente\u201d, expres\u00f3. Tambi\u00e9n lo describi\u00f3 como \u201cera una persona muy temerosa, muy indecisa. \u00c9l nunca hizo nada solo, siempre colectivamente\u201d. Destac\u00f3 esto \u201ca pesar de que en muchas oportunidades tambi\u00e9n le invadieron la ira, la frustraci\u00f3n y la bronca, pero supo entender estos designios de Dios y a nosotros nos sigue interpelando. Siguen apareciendo sue\u00f1os que \u00e9l dej\u00f3 escritos, que se van materializando gracias a las personas que van acompa\u00f1ando todo este camino del monse\u201d.<\/p>\n<p>En otro orden, Karina manifest\u00f3 su deseo de que pronto se pueda elevar a monse\u00f1or Scozzina a los altares como \u201cSanto Formose\u00f1o\u201d. Para ello, se sigue trabajando de manera silenciosa y concienzuda, recopilando testimonios con una discreci\u00f3n propia de la personalidad de monse\u00f1or Pac\u00edfico.<\/p>\n","protected":false},"excerpt":{"rendered":"<p>Hoy se cumplen 103 a\u00f1os del nacimiento de monse\u00f1or Ra\u00fal Marcelo \u201cPac\u00edfico\u201d Scozzina, primer obispo de Formosa, y continuar\u00e1n las actividades organizadas por la Comisi\u00f3n \u201cCon los ojos del Monse\u201d para celebrar su legado.<\/p>\n","protected":false},"author":1,"featured_media":15479,"comment_status":"closed","ping_status":"closed","sticky":false,"template":"","format":"standard","meta":{"footnotes":""},"categories":[1],"tags":[],"class_list":["post-15478","post","type-post","status-publish","format-standard","has-post-thumbnail","hentry","category-noticias"],"_links":{"self":[{"href":"https:\/\/defensoriaformosa.gob.ar\/index.php?rest_route=\/wp\/v2\/posts\/15478","targetHints":{"allow":["GET"]}}],"collection":[{"href":"https:\/\/defensoriaformosa.gob.ar\/index.php?rest_route=\/wp\/v2\/posts"}],"about":[{"href":"https:\/\/defensoriaformosa.gob.ar\/index.php?rest_route=\/wp\/v2\/types\/post"}],"author":[{"embeddable":true,"href":"https:\/\/defensoriaformosa.gob.ar\/index.php?rest_route=\/wp\/v2\/users\/1"}],"replies":[{"embeddable":true,"href":"https:\/\/defensoriaformosa.gob.ar\/index.php?rest_route=%2Fwp%2Fv2%2Fcomments&post=15478"}],"version-history":[{"count":1,"href":"https:\/\/defensoriaformosa.gob.ar\/index.php?rest_route=\/wp\/v2\/posts\/15478\/revisions"}],"predecessor-version":[{"id":15480,"href":"https:\/\/defensoriaformosa.gob.ar\/index.php?rest_route=\/wp\/v2\/posts\/15478\/revisions\/15480"}],"wp:featuredmedia":[{"embeddable":true,"href":"https:\/\/defensoriaformosa.gob.ar\/index.php?rest_route=\/wp\/v2\/media\/15479"}],"wp:attachment":[{"href":"https:\/\/defensoriaformosa.gob.ar\/index.php?rest_route=%2Fwp%2Fv2%2Fmedia&parent=15478"}],"wp:term":[{"taxonomy":"category","embeddable":true,"href":"https:\/\/defensoriaformosa.gob.ar\/index.php?rest_route=%2Fwp%2Fv2%2Fcategories&post=15478"},{"taxonomy":"post_tag","embeddable":true,"href":"https:\/\/defensoriaformosa.gob.ar\/index.php?rest_route=%2Fwp%2Fv2%2Ftags&post=15478"}],"curies":[{"name":"wp","href":"https:\/\/api.w.org\/{rel}","templated":true}]}}