{"id":15475,"date":"2024-08-12T22:01:16","date_gmt":"2024-08-13T01:01:16","guid":{"rendered":"https:\/\/defensoriaformosa.gob.ar\/?p=15475"},"modified":"2024-08-12T22:01:16","modified_gmt":"2024-08-13T01:01:16","slug":"solicitan-al-congreso-de-la-nacion-unificacion-tratamiento-y-aprobacion-de-proyecto-sobre-tarifa-electrica-diferencial-para-zonas-calidas","status":"publish","type":"post","link":"https:\/\/defensoriaformosa.gob.ar\/?p=15475","title":{"rendered":"SOLICITAN AL CONGRESO DE LA NACION UNIFICACION TRATAMIENTO Y APROBACION DE PROYECTO SOBRE TARIFA ELECTRICA DIFERENCIAL PARA ZONAS CALIDAS"},"content":{"rendered":"<p><strong>Los Organismos de la Constituci\u00f3n de las Provincias de Formosa y Chaco, gestionan con diversas acciones que el Gobierno Nacional establezca por ley una tarifa energ\u00e9tica diferencial para las provincias que integran el Norte Grande.<\/strong><\/p>\n<p><!--more--><\/p>\n<p>La Defensor\u00eda del Pueblo de la Provincia de Formosa, solicit\u00f3 formalmente al Presidente de la C\u00e1mara de Diputados de la Naci\u00f3n, Mart\u00edn Menem, a la Presidente del Senado, Victoria Villaruel, como as\u00ed tambi\u00e9n a la Comisi\u00f3n Permanente de Energ\u00eda y Combustible, presidida por Villaverde, Lorena, \u201cla unificaci\u00f3n de los proyecto ingresados hasta la fecha y que buscan establecer tarifas diferenciadas por zona de los servicios p\u00fablicos de energ\u00eda el\u00e9ctrica, para las Zonas C\u00e1lidas, con la finalidad de reducir los precios, en atenci\u00f3n a los altos consumos frente a los factores clim\u00e1ticos extremos\u201d. Los Proyectos de \u201cTarifa El\u00e9ctrica Diferencial para Zonas C\u00e1lidas\u201d, comprenden a las Provincias de Formosa, Chaco, Corrientes, Jujuy, Catamarca, La Rioja, Misiones, Tucum\u00e1n, Salta y Santiago del Estero, plante\u00e1ndose una reducci\u00f3n del 30% del valor del consumo y un 50% para aquellos grupos familiares cuyo estado socioecon\u00f3mico as\u00ed lo merezcan.<\/p>\n<p>El Ombudsman Provincial, Dr. Jos\u00e9 Leonardo Gialluca, se\u00f1al\u00f3 que, la idea es tomar el esp\u00edritu de la Ley de Zonas Fr\u00edas N\u00ba 25.565, que fue mantenida por la -Ley Bases- y que se financia con un porcentaje de la tarifa de gas que pagan todos los hogares, comercios e industrias del pa\u00eds, beneficiando a unos 4,3 millones de usuarios, por lo que, el subsidio al gas a las zonas fr\u00edas no se realiza mediante aportes del Tesoro Nacional, sino que surge de un recargo del 5,44% sobre el precio del gas (PIST), que es uno de los cuatro \u00edtems que compone la factura de los usuarios antes mencionados; \u201corient\u00e1ndolo a todas las Localidades del Norte Grande que poseen altas temperaturas y donde la proporci\u00f3n de los ingresos destinados al pago del servicio el\u00e9ctrico es de los m\u00e1s altos, no existiendo gas por redes en las mismas\u201d.<\/p>\n<p>Consultado el Funcionario Provincial acerca del Proyecto que propone la adhesi\u00f3n provincial a la Ley de Energ\u00eda Distribuida, el mismo se\u00f1al\u00f3 que, ordenando las prioridades y necesidades urgentes de la gente, el tratamiento y aprobaci\u00f3n por el Congreso de la Naci\u00f3n de un Proyecto de Ley de Zonas C\u00e1lidas, traer\u00e1 mayores beneficios que la Ley Nacional N\u00ba 27.424, pues si bien apoyamos todas las acciones e iniciativas que buscan potenciar la generaci\u00f3n de energ\u00eda y que los usuarios se conviertan en productores, dentro de la actual normativa de los 3 tipos de usuarios generadores: Peque\u00f1os (hasta 3 Kw), Medianos (desde 3Kw hasta 300 KW) y Mayores (desde 300 Kw hasta 2 MW), salvo los empresarios, los sectores asalariados no poseen la capacidad necesaria para enfrentar los costos de los estudios de viabilidad, obtener la infraestructura, en su caso paneles y medidores bidireccionales, que les permitan a partir de fuentes de energ\u00eda renovable, autoabastecerse y eventualmente, inyectar el sobrante a la red el\u00e9ctrica.<\/p>\n<p>Por \u00faltimo, Gialluca, a\u00f1adi\u00f3 que, el Gobierno Nacional avanza en el cierre de los -Fondos Fiduciarios-, \u201csiendo la propia Secretaria Legal y Administrativa del Ministerio de Econom\u00eda a cargo de Jos\u00e9 Ignacio Garc\u00eda Hamilton, la que anunci\u00f3 que el FODIS (Fondo Fiduciario para la Generaci\u00f3n de Energ\u00edas Renovables) creado en el 2017 y que tiene por objetivo otorgar pr\u00e9stamos y realizar aportes para instalar o fabricar bienes u obras de infraestructura vinculadas a la producci\u00f3n de energ\u00eda el\u00e9ctrica a trav\u00e9s de fuentes renovables, ser\u00e1 eliminado al igual que el FRAO (constituido para la Recuperaci\u00f3n de la Actividad Ovina), el Fondo Fiduciario para la Cobertura Universal de Salud (CUS), que se sumar\u00e1n a los ya disueltos, entre los que se encuentran el Fondo Estabilizador del Trigo Argentino y el FONDAGRO (Fondo Fiduciario Nacional de Agroindustria), entre otros.<\/p>\n","protected":false},"excerpt":{"rendered":"<p>Los Organismos de la Constituci\u00f3n de las Provincias de Formosa y Chaco, gestionan con diversas acciones que el Gobierno Nacional establezca por ley una tarifa energ\u00e9tica diferencial para las provincias que integran el Norte Grande.<\/p>\n","protected":false},"author":1,"featured_media":15476,"comment_status":"closed","ping_status":"closed","sticky":false,"template":"","format":"standard","meta":{"footnotes":""},"categories":[15],"tags":[],"class_list":["post-15475","post","type-post","status-publish","format-standard","has-post-thumbnail","hentry","category-servicios"],"_links":{"self":[{"href":"https:\/\/defensoriaformosa.gob.ar\/index.php?rest_route=\/wp\/v2\/posts\/15475","targetHints":{"allow":["GET"]}}],"collection":[{"href":"https:\/\/defensoriaformosa.gob.ar\/index.php?rest_route=\/wp\/v2\/posts"}],"about":[{"href":"https:\/\/defensoriaformosa.gob.ar\/index.php?rest_route=\/wp\/v2\/types\/post"}],"author":[{"embeddable":true,"href":"https:\/\/defensoriaformosa.gob.ar\/index.php?rest_route=\/wp\/v2\/users\/1"}],"replies":[{"embeddable":true,"href":"https:\/\/defensoriaformosa.gob.ar\/index.php?rest_route=%2Fwp%2Fv2%2Fcomments&post=15475"}],"version-history":[{"count":1,"href":"https:\/\/defensoriaformosa.gob.ar\/index.php?rest_route=\/wp\/v2\/posts\/15475\/revisions"}],"predecessor-version":[{"id":15477,"href":"https:\/\/defensoriaformosa.gob.ar\/index.php?rest_route=\/wp\/v2\/posts\/15475\/revisions\/15477"}],"wp:featuredmedia":[{"embeddable":true,"href":"https:\/\/defensoriaformosa.gob.ar\/index.php?rest_route=\/wp\/v2\/media\/15476"}],"wp:attachment":[{"href":"https:\/\/defensoriaformosa.gob.ar\/index.php?rest_route=%2Fwp%2Fv2%2Fmedia&parent=15475"}],"wp:term":[{"taxonomy":"category","embeddable":true,"href":"https:\/\/defensoriaformosa.gob.ar\/index.php?rest_route=%2Fwp%2Fv2%2Fcategories&post=15475"},{"taxonomy":"post_tag","embeddable":true,"href":"https:\/\/defensoriaformosa.gob.ar\/index.php?rest_route=%2Fwp%2Fv2%2Ftags&post=15475"}],"curies":[{"name":"wp","href":"https:\/\/api.w.org\/{rel}","templated":true}]}}