{"id":15459,"date":"2024-08-06T17:20:39","date_gmt":"2024-08-06T20:20:39","guid":{"rendered":"https:\/\/defensoriaformosa.gob.ar\/?p=15459"},"modified":"2024-08-07T17:27:44","modified_gmt":"2024-08-07T20:27:44","slug":"prosigue-la-inscripcion-al-rase-en-diversos-barrios-de-la-ciudad","status":"publish","type":"post","link":"https:\/\/defensoriaformosa.gob.ar\/?p=15459","title":{"rendered":"PROSIGUE LA INSCRIPCION AL RASE EN DIVERSOS BARRIOS DE LA CIUDAD"},"content":{"rendered":"<p><strong>-Gialluca denunci\u00f3 que, por los aumentos dispuestos desde el Gobierno Nacional, los usuarios N2 (ingresos bajos), ya cruzaron la l\u00ednea de pobreza energ\u00e9tica, destinando gran porcentaje de sus ingresos a pagar un servicio p\u00fablico esencial, que representa un 30% m\u00e1s que el l\u00edmite de referencia internacional, a lo que se le suma que, en el primer semestre de este a\u00f1o, los subsidios acumulados cayeron un 44% en t\u00e9rminos reales, perjudicando a todos los usuarios N2 y N3-<\/strong><\/p>\n<p><!--more--><\/p>\n<p>Mediante la Disposici\u00f3n N\u00ba 1\/24 de la Subsecretaria de Transici\u00f3n y Planeamiento Energ\u00e9tico de Naci\u00f3n, dependiente del Ministerio de Econom\u00eda, suscripta por Mariela Beljansky, se estableci\u00f3 en el Art. 1 \u2013 Prorrogar hasta el 4 de septiembre del 2024, los plazos establecidos en el Art. 8 de la Resoluci\u00f3n N\u00ba 90\/24 y en el Art. 6 de la Resoluci\u00f3n N\u00ba 91\/24, ambas de la Secretaria de Energ\u00eda, para que los usuarios beneficiarios de tarifa social y\/u otros programas provinciales destinados a beneficiar a aquellos usuarios con menor capacidad para afrontar el pago de servicio p\u00fablico de electricidad y que hubieren resultado categorizados como \u201cNivel 2 \u2013 Ingresos Bajos\u201d en virtud de la Resoluci\u00f3n N\u00ba 631 de fecha 30 de agosto del 2022 de la Secretaria de Energ\u00eda y\/o de la Disposici\u00f3n N\u00ba 3 de fecha 1 de septiembre del 2022 de la Ex Subsecretaria de Planeamiento Energ\u00e9tico, procedan a inscribirse en el REGISTRO DE ACCESO A LOS SUBSIDIOS A LA ENERG\u00cdA (RASE) en forma individual.<\/p>\n<p>El Ombudsman Provincial, Dr. Jos\u00e9 Leonardo Gialluca, resalt\u00f3 que, con esta publicaci\u00f3n en el Bolet\u00edn Oficial, nos aseguramos un tiempo m\u00e1s para que los usuarios residenciales puedan segmentarse y de esta manera, evitar perder los subsidios y pasar a pagar una tarifa plena.<\/p>\n<p>El Funcionario Provincial, record\u00f3 que, esta Disposici\u00f3n N\u00ba 1\/24, \u201cno alcanza a los usuarios beneficiarios de tarifas sociales o de otros programas nacionales o provinciales, de fecha posterior a la publicaci\u00f3n de la misma\u201d. A\u00f1adi\u00f3 que, en el d\u00eda de la fecha, profesionales del Organismo de la Constituci\u00f3n, estuvieron inscribiendo en el RASE a vecinos del Barrio Bernardino Rivadavia Ex Lote 4 en la Sede de la Casa de la Solidaridad y que el mi\u00e9rcoles 7 de 9:00 a 12:00 horas, se har\u00e1 lo mismo en el Barrio Obrero, el jueves 8 en el Barrio Juan Domingo Per\u00f3n, siempre en las Casas de la Solidaridad, luego de gestiones coordinadas con Hugo Arr\u00faa -Administrador del Instituto de Pensiones Sociales de la provincia de Formosa- (IPS), para concluir el viernes 9 en el Comedor del Barrio Villa del Carmen, por lo que, se invit\u00f3 a concurrir a todos los usuarios de Refsa, los que deber\u00e1n llevar la \u00faltima factura de energ\u00eda el\u00e9ctrica, \u00faltimo DNI del solicitante, direcci\u00f3n de correo electr\u00f3nico y nro. de celular.<\/p>\n<p>Estas actividades continuar\u00e1n la semana entrante, d\u00e1ndose a conocer con la antelaci\u00f3n necesaria, los Barrios donde estar\u00e1n los profesionales de la Defensor\u00eda del Pueblo y el IPS.<\/p>\n","protected":false},"excerpt":{"rendered":"<p>-Gialluca denunci\u00f3 que, por los aumentos dispuestos desde el Gobierno Nacional, los usuarios N2 (ingresos bajos), ya cruzaron la l\u00ednea de pobreza energ\u00e9tica, destinando gran porcentaje de sus ingresos a pagar un servicio p\u00fablico esencial, que representa un 30% m\u00e1s que el l\u00edmite de referencia internacional, a lo que se le suma que, en el [&hellip;]<\/p>\n","protected":false},"author":1,"featured_media":15460,"comment_status":"closed","ping_status":"closed","sticky":false,"template":"","format":"standard","meta":{"footnotes":""},"categories":[15,3],"tags":[],"class_list":["post-15459","post","type-post","status-publish","format-standard","has-post-thumbnail","hentry","category-servicios","category-defensa-de-los-derechos-del-usuario-consumidor-contribuyentes"],"_links":{"self":[{"href":"https:\/\/defensoriaformosa.gob.ar\/index.php?rest_route=\/wp\/v2\/posts\/15459","targetHints":{"allow":["GET"]}}],"collection":[{"href":"https:\/\/defensoriaformosa.gob.ar\/index.php?rest_route=\/wp\/v2\/posts"}],"about":[{"href":"https:\/\/defensoriaformosa.gob.ar\/index.php?rest_route=\/wp\/v2\/types\/post"}],"author":[{"embeddable":true,"href":"https:\/\/defensoriaformosa.gob.ar\/index.php?rest_route=\/wp\/v2\/users\/1"}],"replies":[{"embeddable":true,"href":"https:\/\/defensoriaformosa.gob.ar\/index.php?rest_route=%2Fwp%2Fv2%2Fcomments&post=15459"}],"version-history":[{"count":1,"href":"https:\/\/defensoriaformosa.gob.ar\/index.php?rest_route=\/wp\/v2\/posts\/15459\/revisions"}],"predecessor-version":[{"id":15461,"href":"https:\/\/defensoriaformosa.gob.ar\/index.php?rest_route=\/wp\/v2\/posts\/15459\/revisions\/15461"}],"wp:featuredmedia":[{"embeddable":true,"href":"https:\/\/defensoriaformosa.gob.ar\/index.php?rest_route=\/wp\/v2\/media\/15460"}],"wp:attachment":[{"href":"https:\/\/defensoriaformosa.gob.ar\/index.php?rest_route=%2Fwp%2Fv2%2Fmedia&parent=15459"}],"wp:term":[{"taxonomy":"category","embeddable":true,"href":"https:\/\/defensoriaformosa.gob.ar\/index.php?rest_route=%2Fwp%2Fv2%2Fcategories&post=15459"},{"taxonomy":"post_tag","embeddable":true,"href":"https:\/\/defensoriaformosa.gob.ar\/index.php?rest_route=%2Fwp%2Fv2%2Ftags&post=15459"}],"curies":[{"name":"wp","href":"https:\/\/api.w.org\/{rel}","templated":true}]}}