{"id":15456,"date":"2024-08-05T19:07:50","date_gmt":"2024-08-05T22:07:50","guid":{"rendered":"https:\/\/defensoriaformosa.gob.ar\/?p=15456"},"modified":"2024-08-05T19:07:50","modified_gmt":"2024-08-05T22:07:50","slug":"el-indec-informo-que-25-500-000-argentinos-son-pobres-y-mas-de-9-millones-indigentes","status":"publish","type":"post","link":"https:\/\/defensoriaformosa.gob.ar\/?p=15456","title":{"rendered":"EL INDEC INFORMO QUE 25.500.000 ARGENTINOS SON POBRES Y MAS DE 9 MILLONES INDIGENTES"},"content":{"rendered":"<p><strong>-La pobreza infantil alcanz\u00f3 el 69,7% y la indigencia lleg\u00f3 al 30%, lo que significa que 7 de cada 10 menores de 14 a\u00f1os viven en hogares pobres. A su vez, el Observatorio de la Deuda Social Argentina de la UCA, calcul\u00f3 que, producto de las pol\u00edticas econ\u00f3micas del Gobierno Nacional, en el primer trimestre del a\u00f1o en Argentina la pobreza avanz\u00f3 sobre el 54,9% de la poblaci\u00f3n y la indigencia al 20,3%-<\/strong><\/p>\n<p><!--more--><\/p>\n<p>Desde la Defensor\u00eda del Pueblo afirmaron que, nuestra sociedad contin\u00faa acumulando m\u00e1s pobres y mayores desigualdades, como as\u00ed tambi\u00e9n, se produce un incremento del desempleo y muy pocas oportunidades de compensar la ca\u00edda de los ingresos reales con mayor empleo informal.<\/p>\n<p>El Ombudsman Provincial, Dr. Jos\u00e9 Leonardo Gialluca, se\u00f1al\u00f3 que, conforme datos de la -Encuesta Permanente de Hogares-, 4,7 millones de personas cayeron de la clase media durante los primeros tres meses del Gobierno Nacional; adem\u00e1s, 7 de cada 10 ni\u00f1os se encuentran dentro de este universo. De esta manera, la pobreza aument\u00f3 del 44% al 54,8% durante el primer trimestre de 2024, lo que significa que 4.700.000 personas cayeron de la clase media durante los primeros tres meses de Gobierno de Javier Milei como resultado del ajuste, la inflaci\u00f3n y la p\u00e9rdida de poder adquisitivo del salario. La cifra surge de las bases de microdatos de la Encuesta Permanente de Hogares (EPH) publicada este viernes 2 del corriente mes y a\u00f1o por el Instituto Nacional de Estad\u00edstica y Censos (INDEC). La EPH tambi\u00e9n se\u00f1al\u00f3 un aumento de la indigencia, que subi\u00f3 del 13,8% en el cuarto trimestre de 2023 al 20,3% en los primeros tres meses de este a\u00f1o. Esto significa que, dentro de los 4.700.000 nuevos pobres, 2.800.000 son nuevos indigentes.<\/p>\n<p>El Funcionario Provincial, advirti\u00f3 que, aunque los datos oficiales marcan una inflaci\u00f3n mensual de una cifra (del 4,6% en junio), la situaci\u00f3n no se refleja en los consumos habituales que necesita una familia argentina, donde alimentos y medicamentos se encarecieron por la devaluaci\u00f3n y la ca\u00edda del poder adquisitivo del salario, a lo que debemos agregar que el sector privado genera cada vez menos empleos registrados. Todos estos n\u00fameros son realmente indignantes, Institucionalmente no compartimos de ninguna manera la postura de quienes afirman, \u201cque este brutal ajuste del Gobierno Nacional era inevitable\u201d, pues en la actualidad, la mitad del pa\u00eds es pobre, como consecuencia de la implementaci\u00f3n de pol\u00edticas econ\u00f3micas que priorizan la necesidad de que las cuentas cierren a\u00fan a costa de empobrecer a millones de personas, antes que buscar otras alternativas, para que la crisis la paguen quienes se benefician con ella, como lo est\u00e1n haciendo las grandes corporaciones empresariales nacionales y multinacionales obteniendo ganancias extraordinarias y ayudas que se han originado con la complicidad del propio Congreso Nacional, sumiendo en la indigencia total a asalariados, jubilados y pensionados, \u201cocult\u00e1ndose y neg\u00e1ndose que lo que hoy se vive es justamente un plan que comenz\u00f3 a implementarse el mismo 10 de diciembre del 2023 y contin\u00faa hasta la fecha, no pudiendo observarse ning\u00fan indicio de reparaci\u00f3n, con el agravante de que s\u00ed existen las condiciones para que se produzcan mayores desequilibrios en materia de desempleo y marginalidad social\u201d.<\/p>\n<p>&nbsp;<\/p>\n","protected":false},"excerpt":{"rendered":"<p>-La pobreza infantil alcanz\u00f3 el 69,7% y la indigencia lleg\u00f3 al 30%, lo que significa que 7 de cada 10 menores de 14 a\u00f1os viven en hogares pobres. A su vez, el Observatorio de la Deuda Social Argentina de la UCA, calcul\u00f3 que, producto de las pol\u00edticas econ\u00f3micas del Gobierno Nacional, en el primer trimestre [&hellip;]<\/p>\n","protected":false},"author":1,"featured_media":15457,"comment_status":"closed","ping_status":"closed","sticky":false,"template":"","format":"standard","meta":{"footnotes":""},"categories":[3],"tags":[],"class_list":["post-15456","post","type-post","status-publish","format-standard","has-post-thumbnail","hentry","category-defensa-de-los-derechos-del-usuario-consumidor-contribuyentes"],"_links":{"self":[{"href":"https:\/\/defensoriaformosa.gob.ar\/index.php?rest_route=\/wp\/v2\/posts\/15456","targetHints":{"allow":["GET"]}}],"collection":[{"href":"https:\/\/defensoriaformosa.gob.ar\/index.php?rest_route=\/wp\/v2\/posts"}],"about":[{"href":"https:\/\/defensoriaformosa.gob.ar\/index.php?rest_route=\/wp\/v2\/types\/post"}],"author":[{"embeddable":true,"href":"https:\/\/defensoriaformosa.gob.ar\/index.php?rest_route=\/wp\/v2\/users\/1"}],"replies":[{"embeddable":true,"href":"https:\/\/defensoriaformosa.gob.ar\/index.php?rest_route=%2Fwp%2Fv2%2Fcomments&post=15456"}],"version-history":[{"count":1,"href":"https:\/\/defensoriaformosa.gob.ar\/index.php?rest_route=\/wp\/v2\/posts\/15456\/revisions"}],"predecessor-version":[{"id":15458,"href":"https:\/\/defensoriaformosa.gob.ar\/index.php?rest_route=\/wp\/v2\/posts\/15456\/revisions\/15458"}],"wp:featuredmedia":[{"embeddable":true,"href":"https:\/\/defensoriaformosa.gob.ar\/index.php?rest_route=\/wp\/v2\/media\/15457"}],"wp:attachment":[{"href":"https:\/\/defensoriaformosa.gob.ar\/index.php?rest_route=%2Fwp%2Fv2%2Fmedia&parent=15456"}],"wp:term":[{"taxonomy":"category","embeddable":true,"href":"https:\/\/defensoriaformosa.gob.ar\/index.php?rest_route=%2Fwp%2Fv2%2Fcategories&post=15456"},{"taxonomy":"post_tag","embeddable":true,"href":"https:\/\/defensoriaformosa.gob.ar\/index.php?rest_route=%2Fwp%2Fv2%2Ftags&post=15456"}],"curies":[{"name":"wp","href":"https:\/\/api.w.org\/{rel}","templated":true}]}}