{"id":15441,"date":"2024-07-30T12:09:21","date_gmt":"2024-07-30T15:09:21","guid":{"rendered":"https:\/\/defensoriaformosa.gob.ar\/?p=15441"},"modified":"2024-08-04T12:12:08","modified_gmt":"2024-08-04T15:12:08","slug":"ciclo-de-conferencias-en-conmemoracion-del-dia-mundial-contra-la-trata-de-personas","status":"publish","type":"post","link":"https:\/\/defensoriaformosa.gob.ar\/?p=15441","title":{"rendered":"CICLO DE CONFERENCIAS EN CONMEMORACION DEL DIA MUNDIAL CONTRA LA TRATA DE PERSONAS"},"content":{"rendered":"<p><strong>-Gialluca resalt\u00f3 la importancia de la L\u00ednea 145, la cual, es atendida por operadores especializados en el tema durante las 24 horas, los 365 d\u00edas del a\u00f1o, pudiendo las denuncias ser an\u00f3nimas, a\u00f1adiendo que, no hay que esperar 48 horas para hacer la denuncia, ante la desaparici\u00f3n de una persona-<\/strong><\/p>\n<p><!--more--><\/p>\n<p>En el d\u00eda de la fecha, los Asesores Legales, Dr. Rub\u00e9n Borgne, Dra. Lourdes Delgadillo y la Dra. Ana G\u00f3mez, participaron del -Ciclo de Conferencias en Conmemoraci\u00f3n del D\u00eda Mundial contra la Trata de Personas-, organizado por el Ministerio de Gobierno, Justicia Seguridad y Trabajo de la Provincia de Formosa, encontr\u00e1ndose presentes el Ministro de Gobierno, Justicia Seguridad y Trabajo, Dr. Jorge Abel Gonz\u00e1lez, el Fiscal Federal Dr. Luis Ben\u00edtez, el Ministro de Cultura y Educaci\u00f3n, Ing. Julio Ren\u00e9 Araoz, la Subsecretaria de Derechos Humanos de la Provincia, Silvina Araoz, el Jefe de la Polic\u00eda, Crio. Gral. Walter Rene Arroyo, el Subsecretario Trabajo, Justicia y Culto Dr. Julio Gustavo Valdez, la Delegada Provincial del Registro Nacional de Trabajadores Rurales UATRE, Personal de la Secci\u00f3n de Trata de Personas de la Polic\u00eda de la Provincia, directores de escuelas provinciales, docentes y p\u00fablico en general. En la misma se explicaron diversas cuestiones, respecto a las acciones que se vienen llevando a cabo para combatir el delito de trata de personas en todo nuestro territorio provincial por los distintos poderes del estado, con material f\u00edlmico y publicaciones.<\/p>\n<p>Se destac\u00f3 la existencia de un programa nacional de rescate, donde se coordina el regreso de las v\u00edctimas y se les proporciona asistencia desde el Gobierno Provincial, para que puedan reiniciar su vida en su lugar de origen. En el lugar, se distribuyeron folletos por el D\u00eda Mundial Contra la Trata de Personas, lo cual afecta gravemente la vida y la dignidad de las personas que son privadas de su libertad y sometidas sexual, laboral entre otras modalidades, haci\u00e9ndose menci\u00f3n a la l\u00ednea gratuita 145, la cual es atendida por operadores especializados en el tema durante las 24 horas, los 365 d\u00edas del a\u00f1o, pudiendo las denuncias ser an\u00f3nimas y no se debe esperar 48 horas para hacer la denuncia ante la desaparici\u00f3n de una persona.<\/p>\n<p>Por otra parte, las Asesoras Letradas, Dra. Barrios Andrea y Dra. Trinidad Maria Alejandra, participaron v\u00eda Zoom del encuentro denominado \u201cRealidades Ocultas: Trata y b\u00fasqueda de personas\u201d a cargo del Dr. Nicol\u00e1s Del Mastro, organizado por la Defensor\u00eda del Pueblo de la Provincia de Santa Fe, donde se resalt\u00f3 que, el delito de Trata de Personas afecta a la mayor\u00eda de los pa\u00edses del mundo, ya sea como lugar de origen, tr\u00e1nsito o destino de seres humanos.<\/p>\n<p>El Ombudsman Provincial, Dr. Jos\u00e9 Leonardo Gialluca, afirm\u00f3 que este delito vulnera derechos humanos esenciales: la dignidad, integridad, libertad, pero no solo la libertad en t\u00e9rminos f\u00edsicos, sino la libertad entendida como la autodeterminaci\u00f3n, aquello que nos permite elegir quienes queremos ser. Por eso, la trata de personas es un delito tan aberrante porque lucra con lo m\u00e1s sagrado que tienen las personas que es nada m\u00e1s y nada menos que su propia humanidad.<\/p>\n<p>&nbsp;<\/p>\n","protected":false},"excerpt":{"rendered":"<p>-Gialluca resalt\u00f3 la importancia de la L\u00ednea 145, la cual, es atendida por operadores especializados en el tema durante las 24 horas, los 365 d\u00edas del a\u00f1o, pudiendo las denuncias ser an\u00f3nimas, a\u00f1adiendo que, no hay que esperar 48 horas para hacer la denuncia, ante la desaparici\u00f3n de una persona-<\/p>\n","protected":false},"author":1,"featured_media":15442,"comment_status":"closed","ping_status":"closed","sticky":false,"template":"","format":"standard","meta":{"footnotes":""},"categories":[3],"tags":[],"class_list":["post-15441","post","type-post","status-publish","format-standard","has-post-thumbnail","hentry","category-defensa-de-los-derechos-del-usuario-consumidor-contribuyentes"],"_links":{"self":[{"href":"https:\/\/defensoriaformosa.gob.ar\/index.php?rest_route=\/wp\/v2\/posts\/15441","targetHints":{"allow":["GET"]}}],"collection":[{"href":"https:\/\/defensoriaformosa.gob.ar\/index.php?rest_route=\/wp\/v2\/posts"}],"about":[{"href":"https:\/\/defensoriaformosa.gob.ar\/index.php?rest_route=\/wp\/v2\/types\/post"}],"author":[{"embeddable":true,"href":"https:\/\/defensoriaformosa.gob.ar\/index.php?rest_route=\/wp\/v2\/users\/1"}],"replies":[{"embeddable":true,"href":"https:\/\/defensoriaformosa.gob.ar\/index.php?rest_route=%2Fwp%2Fv2%2Fcomments&post=15441"}],"version-history":[{"count":1,"href":"https:\/\/defensoriaformosa.gob.ar\/index.php?rest_route=\/wp\/v2\/posts\/15441\/revisions"}],"predecessor-version":[{"id":15443,"href":"https:\/\/defensoriaformosa.gob.ar\/index.php?rest_route=\/wp\/v2\/posts\/15441\/revisions\/15443"}],"wp:featuredmedia":[{"embeddable":true,"href":"https:\/\/defensoriaformosa.gob.ar\/index.php?rest_route=\/wp\/v2\/media\/15442"}],"wp:attachment":[{"href":"https:\/\/defensoriaformosa.gob.ar\/index.php?rest_route=%2Fwp%2Fv2%2Fmedia&parent=15441"}],"wp:term":[{"taxonomy":"category","embeddable":true,"href":"https:\/\/defensoriaformosa.gob.ar\/index.php?rest_route=%2Fwp%2Fv2%2Fcategories&post=15441"},{"taxonomy":"post_tag","embeddable":true,"href":"https:\/\/defensoriaformosa.gob.ar\/index.php?rest_route=%2Fwp%2Fv2%2Ftags&post=15441"}],"curies":[{"name":"wp","href":"https:\/\/api.w.org\/{rel}","templated":true}]}}