{"id":15431,"date":"2024-07-23T20:21:01","date_gmt":"2024-07-23T23:21:01","guid":{"rendered":"https:\/\/defensoriaformosa.gob.ar\/?p=15431"},"modified":"2024-07-27T20:21:23","modified_gmt":"2024-07-27T23:21:23","slug":"defensorias-de-todo-el-pais-solicitaron-prorroga-para-inscripcion-al-rase","status":"publish","type":"post","link":"https:\/\/defensoriaformosa.gob.ar\/?p=15431","title":{"rendered":"DEFENSORIAS DE TODO EL PAIS SOLICITARON PRORROGA PARA INSCRIPCION AL RASE"},"content":{"rendered":"<p><strong>Gialluca denunci\u00f3 que, el Gobierno Nacional de Javier Milei ha decidido que, a partir del 5 de agosto, todos los usuarios de energ\u00eda el\u00e9ctrica y gas natural a los que se le otorg\u00f3 el subsidio de oficio sin que lo pidieran, perder\u00e1n ese beneficio si no se inscriben voluntariamente al RASE. De no ampliarse el plazo o dar marcha atr\u00e1s con esta decisi\u00f3n, \u201cse estima que 1,7millones de hogares muy vulnerables empezar\u00e1n a pagar las tarifas del mismo valor que los sectores de altos ingresos\u00bb<\/strong><\/p>\n<p><!--more--><\/p>\n<p>En el d\u00eda de la fecha, la Comisi\u00f3n Directiva de ADPRA (Asociaci\u00f3n de Defensores del Pueblo de la Rep\u00fablica Argentina), Presidida por Rosa Mui\u00f1o &#8211; Defensora del Pueblo de CABA, Enrique Pochat, Vicepresidente I &#8211; Defensor del Pueblo de Mor\u00f3n, Jos\u00e9 Leonardo Gialluca, Vicepresidente II por Formosa, Claudia Bard, Vicepresidenta III, por Chubut y Bernardo Voloj Secretario, representando a la Provincia del Chaco, \u201cInstaron al Ministro de Econom\u00eda a cargo de Luis Caputo y al Secretario de Energ\u00eda, Eduardo Chirillo, a que se prorrogue por 60 d\u00edas, el plazo establecido en el art 8 de la Resoluci\u00f3n N\u00b0 90\/24, con el objeto de que el mayor n\u00famero de usuarios residenciales, puedan inscribirse en el RASE, donde ser\u00e1n ubicados en los Niveles 2 o 3 y as\u00ed obtener alg\u00fan beneficio,\u00a0 evitando que los mismos sean categorizados directamente como N1 y tengan que pagar una tarifa plena de energ\u00eda el\u00e9ctrica\u201d.<\/p>\n<p>A la decisi\u00f3n de la Comisi\u00f3n Directiva de ADPRA,\u00a0 se sumaron todos los defensores del pa\u00eds, quienes expresaron que el t\u00e9rmino fijado desde el Gobierno Nacional es muy exiguo, el cual adem\u00e1s se superpone con el receso invernal, per\u00edodo donde miles de ciudadanos se encuentran fuera de su residencia habitual y se les podr\u00eda dificultar la inscripci\u00f3n, as\u00ed como la permanente ca\u00edda de sistema de la p\u00e1gina de la Secretaria de Energ\u00eda, que entorpece y dificulta un tr\u00e1mite que debe ser realizado virtualmente por esta v\u00eda.<\/p>\n<p>Adem\u00e1s, se peticiono una mayor campa\u00f1a de informaci\u00f3n para que los usuarios tomen conciencia de la importancia de inscribirse para no perder los subsidios. Por \u00faltimo, respecto al tope de los mismos, se requiri\u00f3 \u201cequiparar los topes de consumo subsidiados, entre los otorgados a las provincias del norte respecto a las del sur, que son y contin\u00faan siendo m\u00e1s altos, origin\u00e1ndose con ello inequidades innecesarias, todo, a fin de evitar que m\u00e1s n\u00famero de familias caigan en una situaci\u00f3n de pobreza energ\u00e9tica\u201d.<\/p>\n<p>&nbsp;<\/p>\n","protected":false},"excerpt":{"rendered":"<p>Gialluca denunci\u00f3 que, el Gobierno Nacional de Javier Milei ha decidido que, a partir del 5 de agosto, todos los usuarios de energ\u00eda el\u00e9ctrica y gas natural a los que se le otorg\u00f3 el subsidio de oficio sin que lo pidieran, perder\u00e1n ese beneficio si no se inscriben voluntariamente al RASE. De no ampliarse el [&hellip;]<\/p>\n","protected":false},"author":1,"featured_media":6340,"comment_status":"closed","ping_status":"closed","sticky":false,"template":"","format":"standard","meta":{"footnotes":""},"categories":[15,3],"tags":[],"class_list":["post-15431","post","type-post","status-publish","format-standard","has-post-thumbnail","hentry","category-servicios","category-defensa-de-los-derechos-del-usuario-consumidor-contribuyentes"],"_links":{"self":[{"href":"https:\/\/defensoriaformosa.gob.ar\/index.php?rest_route=\/wp\/v2\/posts\/15431","targetHints":{"allow":["GET"]}}],"collection":[{"href":"https:\/\/defensoriaformosa.gob.ar\/index.php?rest_route=\/wp\/v2\/posts"}],"about":[{"href":"https:\/\/defensoriaformosa.gob.ar\/index.php?rest_route=\/wp\/v2\/types\/post"}],"author":[{"embeddable":true,"href":"https:\/\/defensoriaformosa.gob.ar\/index.php?rest_route=\/wp\/v2\/users\/1"}],"replies":[{"embeddable":true,"href":"https:\/\/defensoriaformosa.gob.ar\/index.php?rest_route=%2Fwp%2Fv2%2Fcomments&post=15431"}],"version-history":[{"count":1,"href":"https:\/\/defensoriaformosa.gob.ar\/index.php?rest_route=\/wp\/v2\/posts\/15431\/revisions"}],"predecessor-version":[{"id":15432,"href":"https:\/\/defensoriaformosa.gob.ar\/index.php?rest_route=\/wp\/v2\/posts\/15431\/revisions\/15432"}],"wp:featuredmedia":[{"embeddable":true,"href":"https:\/\/defensoriaformosa.gob.ar\/index.php?rest_route=\/wp\/v2\/media\/6340"}],"wp:attachment":[{"href":"https:\/\/defensoriaformosa.gob.ar\/index.php?rest_route=%2Fwp%2Fv2%2Fmedia&parent=15431"}],"wp:term":[{"taxonomy":"category","embeddable":true,"href":"https:\/\/defensoriaformosa.gob.ar\/index.php?rest_route=%2Fwp%2Fv2%2Fcategories&post=15431"},{"taxonomy":"post_tag","embeddable":true,"href":"https:\/\/defensoriaformosa.gob.ar\/index.php?rest_route=%2Fwp%2Fv2%2Ftags&post=15431"}],"curies":[{"name":"wp","href":"https:\/\/api.w.org\/{rel}","templated":true}]}}