{"id":15422,"date":"2024-07-20T16:32:50","date_gmt":"2024-07-20T19:32:50","guid":{"rendered":"https:\/\/defensoriaformosa.gob.ar\/?p=15422"},"modified":"2024-07-21T06:36:43","modified_gmt":"2024-07-21T09:36:43","slug":"solicitan-prorroga-extraordinaria-para-inscripcion-de-usuarios-al-rase","status":"publish","type":"post","link":"https:\/\/defensoriaformosa.gob.ar\/?p=15422","title":{"rendered":"SOLICITAN PRORROGA EXTRAORDINARIA PARA INSCRIPCION DE USUARIOS AL RASE"},"content":{"rendered":"<p><strong>Las Defensor\u00edas del Pueblo de las Provincias del NEA y NOA<\/strong> solicitaron formalmente a la Secretaria de Energ\u00eda de la Naci\u00f3n a cargo de Eduardo Rodr\u00edguez Chirillo, <strong>con car\u00e1cter extraordinario, una pr\u00f3rroga por 60 d\u00edas del plazo establecido en el Art. 8 de la Resoluci\u00f3n N\u00ba 90\/2024,<\/strong> <strong>la cual dispone la inscripci\u00f3n al RASE (Registro de Acceso a los Subsidios a la Energ\u00eda) de los usuarios en forma individual hasta este 4 de Agosto inclusive,<\/strong> en virtud de que el n\u00famero de usuarios que no se encuentran inscriptos debidamente a la fecha es elevada y a ello debemos sumarle que, <strong><em>\u201c<\/em><u>e<em>l sistema inform\u00e1tico puesto a disposici\u00f3n por el Gobierno Nacional, sufre colapsos permanentes, imposibilitando la inscripci\u00f3n de los beneficiarios<\/em><\/u><em>\u201d<\/em><\/strong>. Destacaron que, la mayor\u00eda de los usuarios que se inscriben, provienen de los sectores m\u00e1s vulnerables econ\u00f3micamente de la sociedad que, no cuentan con una computadora, tel\u00e9fono celular e incluso desconocen c\u00f3mo gestionar un correo electr\u00f3nico, para realizar el tr\u00e1mite requerido, por lo que, resulta engorroso y retarda a\u00fan m\u00e1s el procedimiento para inscribir a los mismos. Adem\u00e1s, existen zonas espec\u00edficas de las provincias, con dif\u00edcil acceso a internet, por lo que, de no otorgarse la pr\u00f3rroga, quedar\u00edan miles de beneficiarios fuera de la posibilidad de llegar a incluirs\u00e9los, <strong>ante el l\u00edmite temporal establecido en el Art. 8 de la Resoluci\u00f3n N\u00ba 90\/2024<\/strong>. Se fundament\u00f3 la petici\u00f3n, en el car\u00e1cter social del beneficio, el cual consiste en un subsidio directo y mensual fijado por la Secretar\u00eda de Energ\u00eda, el que debe cumplir con su objetivo de otorgarse a las personas m\u00e1s vulnerables de la sociedad en t\u00e9rminos econ\u00f3micos y sociales, sobre todo para aquellos que residen en el interior del pa\u00eds, ante los desproporcionados incrementos autorizados por la Secretaria de Energ\u00eda en las tarifas de la energ\u00eda el\u00e9ctrica, que no guardan ning\u00fan viso de previsibilidad, gradualidad y razonabilidad, impactando negativamente en las econom\u00edas familiares, haciendo que las citadas, caigan en la \u201c<strong>pobreza energ\u00e9tica<\/strong>\u201d, obviando el Estado Nacional las pautas constitucionales de razonabilidad e igualdad, como as\u00ed tambi\u00e9n, las diversas realidades climatol\u00f3gicas que existen en el NEA y NOA, <strong>\u201czonas c\u00e1lidas\u201d donde el uso de la energ\u00eda el\u00e9ctrica es mucho m\u00e1s elevado que en el Centro y Sur del Pa\u00eds, careci\u00e9ndose al mismo tiempo de gas por redes, lo que nos coloca tambi\u00e9n en la obligaci\u00f3n de demandar una pol\u00edtica tarifaria clara, previsible y no confiscatoria de los salarios de los usuarios.<\/strong><\/p>\n","protected":false},"excerpt":{"rendered":"<p>Las Defensor\u00edas del Pueblo de las Provincias del NEA y NOA solicitaron formalmente a la Secretaria de Energ\u00eda de la Naci\u00f3n a cargo de Eduardo Rodr\u00edguez Chirillo, con car\u00e1cter extraordinario, una pr\u00f3rroga por 60 d\u00edas del plazo establecido en el Art. 8 de la Resoluci\u00f3n N\u00ba 90\/2024, la cual dispone la inscripci\u00f3n al RASE (Registro [&hellip;]<\/p>\n","protected":false},"author":2,"featured_media":15423,"comment_status":"closed","ping_status":"closed","sticky":false,"template":"","format":"standard","meta":{"footnotes":""},"categories":[1],"tags":[],"class_list":["post-15422","post","type-post","status-publish","format-standard","has-post-thumbnail","hentry","category-noticias"],"_links":{"self":[{"href":"https:\/\/defensoriaformosa.gob.ar\/index.php?rest_route=\/wp\/v2\/posts\/15422","targetHints":{"allow":["GET"]}}],"collection":[{"href":"https:\/\/defensoriaformosa.gob.ar\/index.php?rest_route=\/wp\/v2\/posts"}],"about":[{"href":"https:\/\/defensoriaformosa.gob.ar\/index.php?rest_route=\/wp\/v2\/types\/post"}],"author":[{"embeddable":true,"href":"https:\/\/defensoriaformosa.gob.ar\/index.php?rest_route=\/wp\/v2\/users\/2"}],"replies":[{"embeddable":true,"href":"https:\/\/defensoriaformosa.gob.ar\/index.php?rest_route=%2Fwp%2Fv2%2Fcomments&post=15422"}],"version-history":[{"count":1,"href":"https:\/\/defensoriaformosa.gob.ar\/index.php?rest_route=\/wp\/v2\/posts\/15422\/revisions"}],"predecessor-version":[{"id":15424,"href":"https:\/\/defensoriaformosa.gob.ar\/index.php?rest_route=\/wp\/v2\/posts\/15422\/revisions\/15424"}],"wp:featuredmedia":[{"embeddable":true,"href":"https:\/\/defensoriaformosa.gob.ar\/index.php?rest_route=\/wp\/v2\/media\/15423"}],"wp:attachment":[{"href":"https:\/\/defensoriaformosa.gob.ar\/index.php?rest_route=%2Fwp%2Fv2%2Fmedia&parent=15422"}],"wp:term":[{"taxonomy":"category","embeddable":true,"href":"https:\/\/defensoriaformosa.gob.ar\/index.php?rest_route=%2Fwp%2Fv2%2Fcategories&post=15422"},{"taxonomy":"post_tag","embeddable":true,"href":"https:\/\/defensoriaformosa.gob.ar\/index.php?rest_route=%2Fwp%2Fv2%2Ftags&post=15422"}],"curies":[{"name":"wp","href":"https:\/\/api.w.org\/{rel}","templated":true}]}}