{"id":15418,"date":"2024-07-18T16:13:39","date_gmt":"2024-07-18T19:13:39","guid":{"rendered":"https:\/\/defensoriaformosa.gob.ar\/?p=15418"},"modified":"2024-07-19T13:17:59","modified_gmt":"2024-07-19T16:17:59","slug":"los-vehiculos-particulares-que-realizan-transporte-de-pasajeros-deben-estar-habilitados","status":"publish","type":"post","link":"https:\/\/defensoriaformosa.gob.ar\/?p=15418","title":{"rendered":"LOS VEHICULOS PARTICULARES QUE REALIZAN TRANSPORTE DE PASAJEROS DEBEN ESTAR HABILITADOS"},"content":{"rendered":"<p><strong><em>-En el caso de detectarse en los distintos controles, tanto en Rutas Nacionales o Provinciales dentro de nuestra Jurisdicci\u00f3n, el traslado de pasajeros por veh\u00edculos no habilitados, se proceder\u00e1 al inmediato secuestro de los mismos-<\/em><\/strong><\/p>\n<p><!--more--><\/p>\n<p>Habi\u00e9ndose detectado en los \u00faltimos meses, numerosos veh\u00edculos particulares, <strong>cuyos propietarios los utilizan para realizar el traslado de personas, tanto desde distintos lugares del interior provincial hacia nuestra ciudad capital y viceversa, sin que los mismos se encuentren debidamente habilitados, desde la Defensor\u00eda del Pueblo de la Provincia, conjuntamente con la Direcci\u00f3n de Transporte, <em>\u201cse Inst\u00f3 a sus responsables a cumplir con todos los requisitos que cualquier persona f\u00edsica o jur\u00eddica que pretenda realizar los Servicios de Auto Transporte P\u00fablico de Pasajeros dentro de nuestro territorio provincial, bajo la posibilidad cierta de secuestro de los veh\u00edculos\u201d. <\/em><\/strong>El Ombudsman Provincial, Dr. Jos\u00e9 Leonardo Gialluca, se\u00f1al\u00f3 que, se han incrementado el n\u00famero de veh\u00edculos que no encontr\u00e1ndose habilitados, realizan transporte de pasajeros, cobr\u00e1ndoles diversas sumas de dinero, <strong>y colocando en estos casos en riesgo la integridad psicof\u00edsica de los eventuales usuarios, toda vez que los mismos no cuentan con las p\u00f3lizas o seguros que cubran da\u00f1os a personas transportadas y menos a\u00fan conductores debidamente habilitados<\/strong>. En este sentido, el Director de Transporte de la Provincia, Dr. Pablo C\u00f3rdoba, <strong>inform\u00f3 que los interesados deber\u00e1n presentar los siguientes requisitos: <\/strong>\u00a0* Nota de solicitud de Habilitaci\u00f3n. * Comprobante de Pago del Arancel para la Inscripci\u00f3n y Habilitaci\u00f3n, que ser\u00e1 anual, mediante dep\u00f3sito en la cuenta habilitada en el Banco Formosa S.A. Cuenta Corriente N\u00ba 0100-00269470\/088, CBU N\u00aa 3150100611002694700888 a nombre del Gobierno de la Provincia de Formosa -\u201cFondo de Transporte\u201d- que ser\u00e1 fijado por el equivalente a cien (100) U.F. Enti\u00e9ndase por cada U.F. el equivalente a un (1) litro de nafta s\u00faper a precio de mercado que ser\u00e1 publicado mensualmente en las ventanillas de la Direcci\u00f3n de Transporte. * Fotocopia Autenticada del T\u00edtulo del Automotor. Para el caso que el T\u00edtulo de propiedad del Automotor no se encontrare Inscripto a nombre del solicitante, deber\u00e1 presentar la constancia de transferencia en Tr\u00e1mite y\/o Autorizaci\u00f3n otorgada ante el Escribano P\u00fablico por el titular para la prestaci\u00f3n del Servicio. * Fotocopia Autenticada de la C\u00e9dula del Automotor. <strong>* Fotocopia Autenticada de la Revisi\u00f3n T\u00e9cnica Obligatoria (RTO) otorgado por talleres habilitados por la Consultora Ejecutiva Nacional del Transporte. (la autorizaci\u00f3n para realizar la RTO, en los talleres de INTERFOR ser\u00e1 otorgada por esta direcci\u00f3n una vez que el habilitante haya entregado la TOTALIDAD DE LOS REQUISITOS que aqu\u00ed se exponen). *\u00a0 Fotocopia Autenticada de la P\u00f3liza de Seguro cuya cobertura deber\u00e1 ser por Responsabilidad Civil por da\u00f1os a Terceros, Personas Transportadas y Personal de Conducci\u00f3n (para el caso de contar con ch\u00f3feres), de acuerdo a las normas de la Superintendencia de Seguros de la Naci\u00f3n; entre otros.<\/strong><\/p>\n","protected":false},"excerpt":{"rendered":"<p>-En el caso de detectarse en los distintos controles, tanto en Rutas Nacionales o Provinciales dentro de nuestra Jurisdicci\u00f3n, el traslado de pasajeros por veh\u00edculos no habilitados, se proceder\u00e1 al inmediato secuestro de los mismos-<\/p>\n","protected":false},"author":2,"featured_media":15419,"comment_status":"closed","ping_status":"closed","sticky":false,"template":"","format":"standard","meta":{"footnotes":""},"categories":[1],"tags":[],"class_list":["post-15418","post","type-post","status-publish","format-standard","has-post-thumbnail","hentry","category-noticias"],"_links":{"self":[{"href":"https:\/\/defensoriaformosa.gob.ar\/index.php?rest_route=\/wp\/v2\/posts\/15418","targetHints":{"allow":["GET"]}}],"collection":[{"href":"https:\/\/defensoriaformosa.gob.ar\/index.php?rest_route=\/wp\/v2\/posts"}],"about":[{"href":"https:\/\/defensoriaformosa.gob.ar\/index.php?rest_route=\/wp\/v2\/types\/post"}],"author":[{"embeddable":true,"href":"https:\/\/defensoriaformosa.gob.ar\/index.php?rest_route=\/wp\/v2\/users\/2"}],"replies":[{"embeddable":true,"href":"https:\/\/defensoriaformosa.gob.ar\/index.php?rest_route=%2Fwp%2Fv2%2Fcomments&post=15418"}],"version-history":[{"count":1,"href":"https:\/\/defensoriaformosa.gob.ar\/index.php?rest_route=\/wp\/v2\/posts\/15418\/revisions"}],"predecessor-version":[{"id":15420,"href":"https:\/\/defensoriaformosa.gob.ar\/index.php?rest_route=\/wp\/v2\/posts\/15418\/revisions\/15420"}],"wp:featuredmedia":[{"embeddable":true,"href":"https:\/\/defensoriaformosa.gob.ar\/index.php?rest_route=\/wp\/v2\/media\/15419"}],"wp:attachment":[{"href":"https:\/\/defensoriaformosa.gob.ar\/index.php?rest_route=%2Fwp%2Fv2%2Fmedia&parent=15418"}],"wp:term":[{"taxonomy":"category","embeddable":true,"href":"https:\/\/defensoriaformosa.gob.ar\/index.php?rest_route=%2Fwp%2Fv2%2Fcategories&post=15418"},{"taxonomy":"post_tag","embeddable":true,"href":"https:\/\/defensoriaformosa.gob.ar\/index.php?rest_route=%2Fwp%2Fv2%2Ftags&post=15418"}],"curies":[{"name":"wp","href":"https:\/\/api.w.org\/{rel}","templated":true}]}}